{"id":1192,"date":"2020-12-28T15:10:19","date_gmt":"2020-12-28T14:10:19","guid":{"rendered":"http:\/\/feuerwehr.feuerwehr-juetrichau.de\/?p=1192"},"modified":"2020-12-28T15:10:19","modified_gmt":"2020-12-28T14:10:19","slug":"22-2020-allgemeine-hilfe","status":"publish","type":"post","link":"https:\/\/feuerwehr-juetrichau.de\/?p=1192","title":{"rendered":"22\/2020 &#8211; Allgemeine Hilfe"},"content":{"rendered":"\n<p><strong>Einsatz:<\/strong> 22\/2020<br><strong>Datum:<\/strong>\u00a022.11.2020<br><strong>Alarmzeit:<\/strong>\u00a010:05 Uhr\u00a0<br><strong>Alarmierungsart:<\/strong>\u00a0Smartphone\u00a0<br><strong>Dauer:<\/strong>\u00a030 Minuten\u00a0<br><strong>Art:<\/strong>\u00a0Einsatz Allgemeine Hilfe\u00a0- Sturm Baum auf Stra\u00dfe<br><strong>Einsatzort:<\/strong>\u00a0Stra\u00dfe zwischen J\u00fctrichau und Wertlau<br><strong>Einsatzleiter:<\/strong>\u00a0GF TSF-W\/S\u00a0<br><strong>Fahrzeuge:<\/strong>\u00a0<a href=\"https:\/\/feuerwehr-juetrichau.de\/?page_id=131\">TSF-W\/S<\/a><br><\/p>\n\n\n\n<p><strong>Bericht:<\/strong><br>Zwischen J\u00fctichau und Wertlau war eine Baum auf die Stra\u00dfe gefallen.<br>Die Stra\u00dfe wurde ber\u00e4umt und gereinigt.<\/p>\n\n\n\n<figure class=\"wp-block-image size-large\"><a href=\"https:\/\/feuerwehr-juetrichau.de\/wp-content\/uploads\/2020\/12\/wp-16091501342504429674594846683947.jpg\"><img loading=\"lazy\" decoding=\"async\" width=\"576\" height=\"1024\" src=\"https:\/\/feuerwehr-juetrichau.de\/wp-content\/uploads\/2020\/12\/wp-16091501342504429674594846683947-576x1024.jpg\" alt=\"\" class=\"wp-image-1184\" srcset=\"https:\/\/feuerwehr-juetrichau.de\/wp-content\/uploads\/2020\/12\/wp-16091501342504429674594846683947-576x1024.jpg 576w, https:\/\/feuerwehr-juetrichau.de\/wp-content\/uploads\/2020\/12\/wp-16091501342504429674594846683947-169x300.jpg 169w, https:\/\/feuerwehr-juetrichau.de\/wp-content\/uploads\/2020\/12\/wp-16091501342504429674594846683947-768x1365.jpg 768w, https:\/\/feuerwehr-juetrichau.de\/wp-content\/uploads\/2020\/12\/wp-16091501342504429674594846683947-864x1536.jpg 864w, https:\/\/feuerwehr-juetrichau.de\/wp-content\/uploads\/2020\/12\/wp-16091501342504429674594846683947.jpg 900w\" sizes=\"auto, (max-width: 576px) 100vw, 576px\" \/><\/a><\/figure>\n","protected":false},"excerpt":{"rendered":"<p>Einsatz: 22\/2020Datum:\u00a022.11.2020Alarmzeit:\u00a010:05 Uhr\u00a0Alarmierungsart:\u00a0Smartphone\u00a0Dauer:\u00a030 Minuten\u00a0Art:\u00a0Einsatz Allgemeine Hilfe\u00a0- Sturm Baum auf Stra\u00dfeEinsatzort:\u00a0Stra\u00dfe zwischen J\u00fctrichau und WertlauEinsatzleiter:\u00a0GF TSF-W\/S\u00a0Fahrzeuge:\u00a0TSF-W\/S Bericht:Zwischen J\u00fctichau und Wertlau war eine Baum auf die Stra\u00dfe gefallen.Die Stra\u00dfe wurde ber\u00e4umt und gereinigt.<\/p>\n","protected":false},"author":1,"featured_media":0,"comment_status":"closed","ping_status":"closed","sticky":false,"template":"","format":"standard","meta":{"footnotes":""},"categories":[38],"tags":[],"class_list":["post-1192","post","type-post","status-publish","format-standard","hentry","category-einsaetze-2020"],"_links":{"self":[{"href":"https:\/\/feuerwehr-juetrichau.de\/index.php?rest_route=\/wp\/v2\/posts\/1192","targetHints":{"allow":["GET"]}}],"collection":[{"href":"https:\/\/feuerwehr-juetrichau.de\/index.php?rest_route=\/wp\/v2\/posts"}],"about":[{"href":"https:\/\/feuerwehr-juetrichau.de\/index.php?rest_route=\/wp\/v2\/types\/post"}],"author":[{"embeddable":true,"href":"https:\/\/feuerwehr-juetrichau.de\/index.php?rest_route=\/wp\/v2\/users\/1"}],"replies":[{"embeddable":true,"href":"https:\/\/feuerwehr-juetrichau.de\/index.php?rest_route=%2Fwp%2Fv2%2Fcomments&post=1192"}],"version-history":[{"count":2,"href":"https:\/\/feuerwehr-juetrichau.de\/index.php?rest_route=\/wp\/v2\/posts\/1192\/revisions"}],"predecessor-version":[{"id":1194,"href":"https:\/\/feuerwehr-juetrichau.de\/index.php?rest_route=\/wp\/v2\/posts\/1192\/revisions\/1194"}],"wp:attachment":[{"href":"https:\/\/feuerwehr-juetrichau.de\/index.php?rest_route=%2Fwp%2Fv2%2Fmedia&parent=1192"}],"wp:term":[{"taxonomy":"category","embeddable":true,"href":"https:\/\/feuerwehr-juetrichau.de\/index.php?rest_route=%2Fwp%2Fv2%2Fcategories&post=1192"},{"taxonomy":"post_tag","embeddable":true,"href":"https:\/\/feuerwehr-juetrichau.de\/index.php?rest_route=%2Fwp%2Fv2%2Ftags&post=1192"}],"curies":[{"name":"wp","href":"https:\/\/api.w.org\/{rel}","templated":true}]}}