{"id":1197,"date":"2020-12-28T15:21:50","date_gmt":"2020-12-28T14:21:50","guid":{"rendered":"http:\/\/feuerwehr.feuerwehr-juetrichau.de\/?p=1197"},"modified":"2020-12-28T15:22:59","modified_gmt":"2020-12-28T14:22:59","slug":"24-2020-allgemeine-hilfe","status":"publish","type":"post","link":"https:\/\/feuerwehr-juetrichau.de\/?p=1197","title":{"rendered":"24\/2020 &#8211; Allgemeine Hilfe"},"content":{"rendered":"\n<hr class=\"wp-block-separator\"\/>\n\n\n\n<p><strong>Einsatz:<\/strong> 24\/2020<br><strong>Datum:<\/strong>\u00a015.12.2020<br><strong>Alarmzeit:<\/strong>\u00a006:47 Uhr\u00a0<br><strong>Alarmierungsart:<\/strong>\u00a0RME, Sirene, Smartphone\u00a0<br><strong>Dauer:<\/strong>\u00a030 Minuten\u00a0<br><strong>Art:<\/strong>\u00a0Einsatz Allgemeine Hilfe - Baum auf Stra\u00dfe<br><strong>Einsatzort:<\/strong>\u00a0Stra\u00dfe Zwischen J\u00fctrichau und Wertlau<br><strong>Einsatzleiter:<\/strong>\u00a0GF TSF-W\/S\u00a0<br><strong>Fahrzeuge:<\/strong><a href=\"https:\/\/feuerwehr-juetrichau.de\/?page_id=133\"> MZF<\/a>\u00a0,\u00a0<a href=\"https:\/\/feuerwehr-juetrichau.de\/?page_id=135\">TSA<\/a>\u00a0,\u00a0<a href=\"https:\/\/feuerwehr-juetrichau.de\/?page_id=131\">TSF-W\/S<\/a><br><strong>Weitere Kr\u00e4fte:<\/strong><a rel=\"noreferrer noopener\" href=\"http:\/\/www.zerbster-feuerwehr.de\/\" target=\"_blank\"> FFW Zerbst<\/a><\/p>\n\n\n\n<hr class=\"wp-block-separator\"\/>\n\n\n\n<p><strong>Bericht:<\/strong><br>Auf der Stra\u00dfe war in den Morgenstunden wiederum ein Baum umgest\u00fcrzt. Der Baum wurde mit der Kettens\u00e4ge zerkleinert. Die Stra\u00dfe wurde ber\u00e4umt und ges\u00e4ubert.<\/p>\n\n\n\n<figure class=\"wp-block-image size-large\"><a href=\"https:\/\/feuerwehr-juetrichau.de\/wp-content\/uploads\/2020\/12\/wp-16091501682198365345982022900776.jpg\"><img loading=\"lazy\" decoding=\"async\" width=\"649\" height=\"1024\" src=\"https:\/\/feuerwehr-juetrichau.de\/wp-content\/uploads\/2020\/12\/wp-16091501682198365345982022900776-649x1024.jpg\" alt=\"\" class=\"wp-image-1185\" srcset=\"https:\/\/feuerwehr-juetrichau.de\/wp-content\/uploads\/2020\/12\/wp-16091501682198365345982022900776-649x1024.jpg 649w, https:\/\/feuerwehr-juetrichau.de\/wp-content\/uploads\/2020\/12\/wp-16091501682198365345982022900776-190x300.jpg 190w, https:\/\/feuerwehr-juetrichau.de\/wp-content\/uploads\/2020\/12\/wp-16091501682198365345982022900776-768x1212.jpg 768w, https:\/\/feuerwehr-juetrichau.de\/wp-content\/uploads\/2020\/12\/wp-16091501682198365345982022900776-973x1536.jpg 973w, https:\/\/feuerwehr-juetrichau.de\/wp-content\/uploads\/2020\/12\/wp-16091501682198365345982022900776-960x1515.jpg 960w, https:\/\/feuerwehr-juetrichau.de\/wp-content\/uploads\/2020\/12\/wp-16091501682198365345982022900776.jpg 1014w\" sizes=\"auto, (max-width: 649px) 100vw, 649px\" \/><\/a><\/figure>\n","protected":false},"excerpt":{"rendered":"<p>Einsatz: 24\/2020Datum:\u00a015.12.2020Alarmzeit:\u00a006:47 Uhr\u00a0Alarmierungsart:\u00a0RME, Sirene, Smartphone\u00a0Dauer:\u00a030 Minuten\u00a0Art:\u00a0Einsatz Allgemeine Hilfe - Baum auf Stra\u00dfeEinsatzort:\u00a0Stra\u00dfe Zwischen J\u00fctrichau und WertlauEinsatzleiter:\u00a0GF TSF-W\/S\u00a0Fahrzeuge: MZF\u00a0,\u00a0TSA\u00a0,\u00a0TSF-W\/SWeitere Kr\u00e4fte: FFW Zerbst Bericht:Auf der Stra\u00dfe war in den Morgenstunden wiederum ein Baum umgest\u00fcrzt. Der Baum wurde mit der Kettens\u00e4ge zerkleinert. Die Stra\u00dfe wurde ber\u00e4umt und ges\u00e4ubert.<\/p>\n","protected":false},"author":1,"featured_media":0,"comment_status":"closed","ping_status":"closed","sticky":false,"template":"","format":"standard","meta":{"footnotes":""},"categories":[38],"tags":[],"class_list":["post-1197","post","type-post","status-publish","format-standard","hentry","category-einsaetze-2020"],"_links":{"self":[{"href":"https:\/\/feuerwehr-juetrichau.de\/index.php?rest_route=\/wp\/v2\/posts\/1197","targetHints":{"allow":["GET"]}}],"collection":[{"href":"https:\/\/feuerwehr-juetrichau.de\/index.php?rest_route=\/wp\/v2\/posts"}],"about":[{"href":"https:\/\/feuerwehr-juetrichau.de\/index.php?rest_route=\/wp\/v2\/types\/post"}],"author":[{"embeddable":true,"href":"https:\/\/feuerwehr-juetrichau.de\/index.php?rest_route=\/wp\/v2\/users\/1"}],"replies":[{"embeddable":true,"href":"https:\/\/feuerwehr-juetrichau.de\/index.php?rest_route=%2Fwp%2Fv2%2Fcomments&post=1197"}],"version-history":[{"count":2,"href":"https:\/\/feuerwehr-juetrichau.de\/index.php?rest_route=\/wp\/v2\/posts\/1197\/revisions"}],"predecessor-version":[{"id":1200,"href":"https:\/\/feuerwehr-juetrichau.de\/index.php?rest_route=\/wp\/v2\/posts\/1197\/revisions\/1200"}],"wp:attachment":[{"href":"https:\/\/feuerwehr-juetrichau.de\/index.php?rest_route=%2Fwp%2Fv2%2Fmedia&parent=1197"}],"wp:term":[{"taxonomy":"category","embeddable":true,"href":"https:\/\/feuerwehr-juetrichau.de\/index.php?rest_route=%2Fwp%2Fv2%2Fcategories&post=1197"},{"taxonomy":"post_tag","embeddable":true,"href":"https:\/\/feuerwehr-juetrichau.de\/index.php?rest_route=%2Fwp%2Fv2%2Ftags&post=1197"}],"curies":[{"name":"wp","href":"https:\/\/api.w.org\/{rel}","templated":true}]}}