{"id":1207,"date":"2021-01-14T07:49:40","date_gmt":"2021-01-14T06:49:40","guid":{"rendered":"http:\/\/feuerwehr.feuerwehr-juetrichau.de\/?p=1207"},"modified":"2021-01-14T07:55:15","modified_gmt":"2021-01-14T06:55:15","slug":"01-2021-einsatz-sturm","status":"publish","type":"post","link":"https:\/\/feuerwehr-juetrichau.de\/?p=1207","title":{"rendered":"01\/2021 &#8211; Einsatz Sturm"},"content":{"rendered":"\n<hr class=\"wp-block-separator\"\/>\n\n\n\n<p><strong>Einsatz:<\/strong> 01\/2021<br><strong>Datum:<\/strong>\u00a014.01.2021<br><strong>Alarmzeit:<\/strong>\u00a004:58 Uhr\u00a0<br><strong>Alarmierungsart:<\/strong>\u00a0RME, Sirene, Smartphone\u00a0<br><strong>Dauer:<\/strong>\u00a050 Minuten\u00a0<br><strong>Art:<\/strong>\u00a0Einsatz Sturm <br><strong>Einsatzort:<\/strong>\u00a0<a href=\"https:\/\/goo.gl\/maps\/SenD8CLtFLe4orKY7\" data-type=\"URL\" data-id=\"https:\/\/goo.gl\/maps\/SenD8CLtFLe4orKY7\" target=\"_blank\" rel=\"noreferrer noopener\">K1256 zwischen J\u00fctrichau und Wertlau<\/a><br><strong>Einsatzleiter:<\/strong>\u00a0GF TSF-W\/S\u00a0<br><strong>Anzahl der Kr\u00e4fte: <\/strong>12<br><strong>Fahrzeuge:<\/strong><a href=\"https:\/\/feuerwehr-juetrichau.de\/?page_id=133\"> MZF<\/a>\u00a0,\u00a0<a href=\"https:\/\/feuerwehr-juetrichau.de\/?page_id=135\">TSA<\/a>\u00a0,\u00a0<a href=\"https:\/\/feuerwehr-juetrichau.de\/?page_id=131\">TSF-W\/S<\/a><br><strong>Weitere Kr\u00e4fte:<\/strong><\/p>\n\n\n\n<hr class=\"wp-block-separator\"\/>\n\n\n\n<p><strong>Bericht:<\/strong><br>Auf der Stra\u00dfe drohte in den Morgenstunden wiederum ein Baum uumzust\u00fcrzen.  Der Baum wurde mit der Kettens\u00e4ge zerkleinert. Die Stra\u00dfe wurde ber\u00e4umt und ges\u00e4ubert.<\/p>\n\n\n\n<figure class=\"wp-block-gallery columns-2 is-cropped wp-block-gallery-1 is-layout-flex wp-block-gallery-is-layout-flex\"><ul class=\"blocks-gallery-grid\"><li class=\"blocks-gallery-item\"><figure><a href=\"https:\/\/feuerwehr-juetrichau.de\/wp-content\/uploads\/2021\/01\/20210114_052006830648109317577285-scaled.jpg\"><img loading=\"lazy\" decoding=\"async\" width=\"1024\" height=\"768\" src=\"https:\/\/feuerwehr-juetrichau.de\/wp-content\/uploads\/2021\/01\/20210114_052006830648109317577285-1024x768.jpg\" alt=\"\" data-id=\"1205\" data-full-url=\"https:\/\/feuerwehr-juetrichau.de\/wp-content\/uploads\/2021\/01\/20210114_052006830648109317577285-scaled.jpg\" data-link=\"https:\/\/feuerwehr-juetrichau.de\/?attachment_id=1205\" class=\"wp-image-1205\" srcset=\"https:\/\/feuerwehr-juetrichau.de\/wp-content\/uploads\/2021\/01\/20210114_052006830648109317577285-1024x768.jpg 1024w, https:\/\/feuerwehr-juetrichau.de\/wp-content\/uploads\/2021\/01\/20210114_052006830648109317577285-300x225.jpg 300w, https:\/\/feuerwehr-juetrichau.de\/wp-content\/uploads\/2021\/01\/20210114_052006830648109317577285-768x576.jpg 768w, https:\/\/feuerwehr-juetrichau.de\/wp-content\/uploads\/2021\/01\/20210114_052006830648109317577285-1536x1152.jpg 1536w, https:\/\/feuerwehr-juetrichau.de\/wp-content\/uploads\/2021\/01\/20210114_052006830648109317577285-2048x1536.jpg 2048w\" sizes=\"auto, (max-width: 1024px) 100vw, 1024px\" \/><\/a><\/figure><\/li><li class=\"blocks-gallery-item\"><figure><a href=\"https:\/\/feuerwehr-juetrichau.de\/wp-content\/uploads\/2021\/01\/20210114_052241913309914286185474-scaled.jpg\"><img loading=\"lazy\" decoding=\"async\" width=\"1024\" height=\"768\" src=\"https:\/\/feuerwehr-juetrichau.de\/wp-content\/uploads\/2021\/01\/20210114_052241913309914286185474-1024x768.jpg\" alt=\"\" data-id=\"1204\" data-full-url=\"https:\/\/feuerwehr-juetrichau.de\/wp-content\/uploads\/2021\/01\/20210114_052241913309914286185474-scaled.jpg\" data-link=\"https:\/\/feuerwehr-juetrichau.de\/?attachment_id=1204\" class=\"wp-image-1204\" srcset=\"https:\/\/feuerwehr-juetrichau.de\/wp-content\/uploads\/2021\/01\/20210114_052241913309914286185474-1024x768.jpg 1024w, https:\/\/feuerwehr-juetrichau.de\/wp-content\/uploads\/2021\/01\/20210114_052241913309914286185474-300x225.jpg 300w, https:\/\/feuerwehr-juetrichau.de\/wp-content\/uploads\/2021\/01\/20210114_052241913309914286185474-768x576.jpg 768w, https:\/\/feuerwehr-juetrichau.de\/wp-content\/uploads\/2021\/01\/20210114_052241913309914286185474-1536x1152.jpg 1536w, https:\/\/feuerwehr-juetrichau.de\/wp-content\/uploads\/2021\/01\/20210114_052241913309914286185474-2048x1536.jpg 2048w\" sizes=\"auto, (max-width: 1024px) 100vw, 1024px\" \/><\/a><\/figure><\/li><\/ul><\/figure>\n","protected":false},"excerpt":{"rendered":"<p>Einsatz: 01\/2021Datum:\u00a014.01.2021Alarmzeit:\u00a004:58 Uhr\u00a0Alarmierungsart:\u00a0RME, Sirene, Smartphone\u00a0Dauer:\u00a050 Minuten\u00a0Art:\u00a0Einsatz Sturm Einsatzort:\u00a0K1256 zwischen J\u00fctrichau und WertlauEinsatzleiter:\u00a0GF TSF-W\/S\u00a0Anzahl der Kr\u00e4fte: 12Fahrzeuge: MZF\u00a0,\u00a0TSA\u00a0,\u00a0TSF-W\/SWeitere Kr\u00e4fte: Bericht:Auf der Stra\u00dfe drohte in den Morgenstunden wiederum ein Baum uumzust\u00fcrzen. Der Baum wurde mit der Kettens\u00e4ge zerkleinert. Die Stra\u00dfe wurde ber\u00e4umt und ges\u00e4ubert.<\/p>\n","protected":false},"author":2,"featured_media":0,"comment_status":"closed","ping_status":"closed","sticky":false,"template":"","format":"standard","meta":{"footnotes":""},"categories":[43],"tags":[],"class_list":["post-1207","post","type-post","status-publish","format-standard","hentry","category-einsaetze-2021"],"_links":{"self":[{"href":"https:\/\/feuerwehr-juetrichau.de\/index.php?rest_route=\/wp\/v2\/posts\/1207","targetHints":{"allow":["GET"]}}],"collection":[{"href":"https:\/\/feuerwehr-juetrichau.de\/index.php?rest_route=\/wp\/v2\/posts"}],"about":[{"href":"https:\/\/feuerwehr-juetrichau.de\/index.php?rest_route=\/wp\/v2\/types\/post"}],"author":[{"embeddable":true,"href":"https:\/\/feuerwehr-juetrichau.de\/index.php?rest_route=\/wp\/v2\/users\/2"}],"replies":[{"embeddable":true,"href":"https:\/\/feuerwehr-juetrichau.de\/index.php?rest_route=%2Fwp%2Fv2%2Fcomments&post=1207"}],"version-history":[{"count":3,"href":"https:\/\/feuerwehr-juetrichau.de\/index.php?rest_route=\/wp\/v2\/posts\/1207\/revisions"}],"predecessor-version":[{"id":1211,"href":"https:\/\/feuerwehr-juetrichau.de\/index.php?rest_route=\/wp\/v2\/posts\/1207\/revisions\/1211"}],"wp:attachment":[{"href":"https:\/\/feuerwehr-juetrichau.de\/index.php?rest_route=%2Fwp%2Fv2%2Fmedia&parent=1207"}],"wp:term":[{"taxonomy":"category","embeddable":true,"href":"https:\/\/feuerwehr-juetrichau.de\/index.php?rest_route=%2Fwp%2Fv2%2Fcategories&post=1207"},{"taxonomy":"post_tag","embeddable":true,"href":"https:\/\/feuerwehr-juetrichau.de\/index.php?rest_route=%2Fwp%2Fv2%2Ftags&post=1207"}],"curies":[{"name":"wp","href":"https:\/\/api.w.org\/{rel}","templated":true}]}}