{"id":1289,"date":"2021-06-30T13:48:11","date_gmt":"2021-06-30T11:48:11","guid":{"rendered":"http:\/\/feuerwehr.feuerwehr-juetrichau.de\/?p=1289"},"modified":"2021-06-30T13:48:11","modified_gmt":"2021-06-30T11:48:11","slug":"10-2021-einsatz-brand","status":"publish","type":"post","link":"https:\/\/feuerwehr-juetrichau.de\/?p=1289","title":{"rendered":"10\/2021 &#8211; Einsatz Brand"},"content":{"rendered":"\n<hr class=\"wp-block-separator\"\/>\n\n\n\n<p><strong>Einsatz:<\/strong> 10\/2021<br><strong>Datum:<\/strong> 10.05.2021<br><strong>Alarmzeit:<\/strong> 06:55 Uhr <br><strong>Alarmierungsart:<\/strong> RME, Sirene, Smartphone <br><strong>Dauer:<\/strong> 3 Stunden <br><strong>Art:<\/strong> Einsatz Brand Gab\u00e4ude 1.-2. OG<br><strong>Einsatzort:<\/strong> <a href=\"https:\/\/goo.gl\/maps\/NNp1EVgEUE9mbPjc8\" target=\"_blank\" rel=\"noreferrer noopener\">Eichholzer Weg Zerbst<\/a><br><strong>Einsatzleiter:<\/strong> GF TSF-W\/S <br><strong>Anzahl der Kr\u00e4fte: <\/strong>10<br><strong>Fahrzeuge:<\/strong><a href=\"https:\/\/feuerwehr-juetrichau.de\/?page_id=133\"> MZF<\/a> , <a href=\"https:\/\/feuerwehr-juetrichau.de\/?page_id=135\">TSA<\/a> , <a href=\"https:\/\/feuerwehr-juetrichau.de\/?page_id=131\">TSF-W\/S<\/a><br><strong>Weitere Kr\u00e4fte:<\/strong>  FFW Zerbst<\/p>\n\n\n\n<hr class=\"wp-block-separator\"\/>\n\n\n\n<p><strong>Bericht:<\/strong><br>Eine Gartenlaube war in Brand geraten. Wir unterst\u00fctzen die Zerbster Kameraden bei der L\u00f6schwasserversorgung sowie mit Atemschutzger\u00e4tetr\u00e4gern.<\/p>\n\n\n\n<figure class=\"wp-block-image size-large\"><a href=\"https:\/\/feuerwehr-juetrichau.de\/wp-content\/uploads\/2021\/06\/Laube.jpg\"><img loading=\"lazy\" decoding=\"async\" width=\"784\" height=\"739\" src=\"https:\/\/feuerwehr-juetrichau.de\/wp-content\/uploads\/2021\/06\/Laube.jpg\" alt=\"\" class=\"wp-image-1290\" srcset=\"https:\/\/feuerwehr-juetrichau.de\/wp-content\/uploads\/2021\/06\/Laube.jpg 784w, https:\/\/feuerwehr-juetrichau.de\/wp-content\/uploads\/2021\/06\/Laube-300x283.jpg 300w, https:\/\/feuerwehr-juetrichau.de\/wp-content\/uploads\/2021\/06\/Laube-768x724.jpg 768w\" sizes=\"auto, (max-width: 784px) 100vw, 784px\" \/><\/a><\/figure>\n\n\n\n<figure class=\"wp-block-image size-large\"><a href=\"https:\/\/feuerwehr-juetrichau.de\/wp-content\/uploads\/2021\/06\/Laube2.jpg\"><img loading=\"lazy\" decoding=\"async\" width=\"821\" height=\"521\" src=\"https:\/\/feuerwehr-juetrichau.de\/wp-content\/uploads\/2021\/06\/Laube2.jpg\" alt=\"\" class=\"wp-image-1291\" srcset=\"https:\/\/feuerwehr-juetrichau.de\/wp-content\/uploads\/2021\/06\/Laube2.jpg 821w, https:\/\/feuerwehr-juetrichau.de\/wp-content\/uploads\/2021\/06\/Laube2-300x190.jpg 300w, https:\/\/feuerwehr-juetrichau.de\/wp-content\/uploads\/2021\/06\/Laube2-768x487.jpg 768w\" sizes=\"auto, (max-width: 821px) 100vw, 821px\" \/><\/a><\/figure>\n","protected":false},"excerpt":{"rendered":"<p>Einsatz: 10\/2021Datum: 10.05.2021Alarmzeit: 06:55 Uhr Alarmierungsart: RME, Sirene, Smartphone Dauer: 3 Stunden Art: Einsatz Brand Gab\u00e4ude 1.-2. OGEinsatzort: Eichholzer Weg ZerbstEinsatzleiter: GF TSF-W\/S Anzahl der Kr\u00e4fte: 10Fahrzeuge: MZF , TSA , TSF-W\/SWeitere Kr\u00e4fte: FFW Zerbst Bericht:Eine Gartenlaube war in Brand geraten. Wir unterst\u00fctzen die Zerbster Kameraden bei der L\u00f6schwasserversorgung sowie mit Atemschutzger\u00e4tetr\u00e4gern.<\/p>\n","protected":false},"author":1,"featured_media":0,"comment_status":"closed","ping_status":"closed","sticky":false,"template":"","format":"standard","meta":{"footnotes":""},"categories":[43],"tags":[],"class_list":["post-1289","post","type-post","status-publish","format-standard","hentry","category-einsaetze-2021"],"_links":{"self":[{"href":"https:\/\/feuerwehr-juetrichau.de\/index.php?rest_route=\/wp\/v2\/posts\/1289","targetHints":{"allow":["GET"]}}],"collection":[{"href":"https:\/\/feuerwehr-juetrichau.de\/index.php?rest_route=\/wp\/v2\/posts"}],"about":[{"href":"https:\/\/feuerwehr-juetrichau.de\/index.php?rest_route=\/wp\/v2\/types\/post"}],"author":[{"embeddable":true,"href":"https:\/\/feuerwehr-juetrichau.de\/index.php?rest_route=\/wp\/v2\/users\/1"}],"replies":[{"embeddable":true,"href":"https:\/\/feuerwehr-juetrichau.de\/index.php?rest_route=%2Fwp%2Fv2%2Fcomments&post=1289"}],"version-history":[{"count":1,"href":"https:\/\/feuerwehr-juetrichau.de\/index.php?rest_route=\/wp\/v2\/posts\/1289\/revisions"}],"predecessor-version":[{"id":1292,"href":"https:\/\/feuerwehr-juetrichau.de\/index.php?rest_route=\/wp\/v2\/posts\/1289\/revisions\/1292"}],"wp:attachment":[{"href":"https:\/\/feuerwehr-juetrichau.de\/index.php?rest_route=%2Fwp%2Fv2%2Fmedia&parent=1289"}],"wp:term":[{"taxonomy":"category","embeddable":true,"href":"https:\/\/feuerwehr-juetrichau.de\/index.php?rest_route=%2Fwp%2Fv2%2Fcategories&post=1289"},{"taxonomy":"post_tag","embeddable":true,"href":"https:\/\/feuerwehr-juetrichau.de\/index.php?rest_route=%2Fwp%2Fv2%2Ftags&post=1289"}],"curies":[{"name":"wp","href":"https:\/\/api.w.org\/{rel}","templated":true}]}}