{"id":1342,"date":"2021-11-10T14:16:33","date_gmt":"2021-11-10T13:16:33","guid":{"rendered":"http:\/\/feuerwehr.feuerwehr-juetrichau.de\/?p=1342"},"modified":"2021-12-03T11:36:46","modified_gmt":"2021-12-03T10:36:46","slug":"19-2021-einsatz-brand-gebaeude1-2-og","status":"publish","type":"post","link":"https:\/\/feuerwehr-juetrichau.de\/?p=1342","title":{"rendered":"19\/2021 &#8211; Einsatz Brand Geb\u00e4ude1.-2.OG"},"content":{"rendered":"\n<hr class=\"wp-block-separator\"\/>\n\n\n\n<p><strong>Einsatz:<\/strong> 19\/2021<br><strong>Datum:<\/strong> 26.06.2021<br><strong>Alarmzeit:<\/strong> 17:18 Uhr <br><strong>Alarmierungsart:<\/strong> RME, Sirene, Smartphone <br><strong>Dauer:<\/strong> 120 Minuten <br><strong>Art:<\/strong> Einsatz Brand Geb\u00e4ude 1.-2.OG<br><strong>Einsatzort:<\/strong> <a rel=\"noreferrer noopener\" href=\"https:\/\/goo.gl\/maps\/qNb53aVvZmD5YyYZ8\" target=\"_blank\">Papenbreite Zerbst<\/a> <br><strong>Einsatzleiter:<\/strong> GF TSF-W\/S <br><strong>Anzahl der Kr\u00e4fte: <\/strong>13<br><strong>Fahrzeuge:<\/strong><a href=\"https:\/\/feuerwehr-juetrichau.de\/?page_id=133\"> MZF<\/a> , <a href=\"https:\/\/feuerwehr-juetrichau.de\/?page_id=135\">TSA<\/a> , <a href=\"https:\/\/feuerwehr-juetrichau.de\/?page_id=131\">TSF-W\/S<\/a><br><strong>Weitere Kr\u00e4fte:<\/strong>  FFW Zerbst, FFW Steutz, FFW G\u00fctergl\u00fcck, FFW Nutha<\/p>\n\n\n\n<hr class=\"wp-block-separator\"\/>\n\n\n\n<p><strong>Bericht:<\/strong><\/p>\n\n\n\n<p>Wir wurden zu einem Geb\u00e4udebrand auf einem Firmengel\u00e4nde an der Papenbreite gerufen. Dort brannten auf einem Dach montierte PV-Anlage. Wir unterst\u00fctzen die Zerbster Kameraden bei der Wasserversorgung.<\/p>\n\n\n\n<hr class=\"wp-block-separator\"\/>\n\n\n\n<figure class=\"wp-block-image size-large is-style-default\"><a href=\"https:\/\/feuerwehr-juetrichau.de\/wp-content\/uploads\/2021\/11\/image.png\"><img loading=\"lazy\" decoding=\"async\" width=\"671\" height=\"1024\" src=\"https:\/\/feuerwehr-juetrichau.de\/wp-content\/uploads\/2021\/11\/image-671x1024.png\" alt=\"\" class=\"wp-image-1345\" srcset=\"https:\/\/feuerwehr-juetrichau.de\/wp-content\/uploads\/2021\/11\/image-671x1024.png 671w, https:\/\/feuerwehr-juetrichau.de\/wp-content\/uploads\/2021\/11\/image-197x300.png 197w, https:\/\/feuerwehr-juetrichau.de\/wp-content\/uploads\/2021\/11\/image-768x1172.png 768w, https:\/\/feuerwehr-juetrichau.de\/wp-content\/uploads\/2021\/11\/image-1006x1536.png 1006w, https:\/\/feuerwehr-juetrichau.de\/wp-content\/uploads\/2021\/11\/image-960x1465.png 960w, https:\/\/feuerwehr-juetrichau.de\/wp-content\/uploads\/2021\/11\/image.png 1260w\" sizes=\"auto, (max-width: 671px) 100vw, 671px\" \/><\/a><\/figure>\n","protected":false},"excerpt":{"rendered":"<p>Einsatz: 19\/2021Datum: 26.06.2021Alarmzeit: 17:18 Uhr Alarmierungsart: RME, Sirene, Smartphone Dauer: 120 Minuten Art: Einsatz Brand Geb\u00e4ude 1.-2.OGEinsatzort: Papenbreite Zerbst Einsatzleiter: GF TSF-W\/S Anzahl der Kr\u00e4fte: 13Fahrzeuge: MZF , TSA , TSF-W\/SWeitere Kr\u00e4fte: FFW Zerbst, FFW Steutz, FFW G\u00fctergl\u00fcck, FFW Nutha Bericht: Wir wurden zu einem Geb\u00e4udebrand auf einem Firmengel\u00e4nde an der Papenbreite gerufen. Dort brannten <a class=\"read-more\" href=\"https:\/\/feuerwehr-juetrichau.de\/?p=1342\">... weiterlesen <span class=\"meta-nav\">&rarr;<\/span><\/a><\/p>\n","protected":false},"author":1,"featured_media":0,"comment_status":"closed","ping_status":"closed","sticky":false,"template":"","format":"standard","meta":{"footnotes":""},"categories":[43],"tags":[],"class_list":["post-1342","post","type-post","status-publish","format-standard","hentry","category-einsaetze-2021"],"_links":{"self":[{"href":"https:\/\/feuerwehr-juetrichau.de\/index.php?rest_route=\/wp\/v2\/posts\/1342","targetHints":{"allow":["GET"]}}],"collection":[{"href":"https:\/\/feuerwehr-juetrichau.de\/index.php?rest_route=\/wp\/v2\/posts"}],"about":[{"href":"https:\/\/feuerwehr-juetrichau.de\/index.php?rest_route=\/wp\/v2\/types\/post"}],"author":[{"embeddable":true,"href":"https:\/\/feuerwehr-juetrichau.de\/index.php?rest_route=\/wp\/v2\/users\/1"}],"replies":[{"embeddable":true,"href":"https:\/\/feuerwehr-juetrichau.de\/index.php?rest_route=%2Fwp%2Fv2%2Fcomments&post=1342"}],"version-history":[{"count":5,"href":"https:\/\/feuerwehr-juetrichau.de\/index.php?rest_route=\/wp\/v2\/posts\/1342\/revisions"}],"predecessor-version":[{"id":1404,"href":"https:\/\/feuerwehr-juetrichau.de\/index.php?rest_route=\/wp\/v2\/posts\/1342\/revisions\/1404"}],"wp:attachment":[{"href":"https:\/\/feuerwehr-juetrichau.de\/index.php?rest_route=%2Fwp%2Fv2%2Fmedia&parent=1342"}],"wp:term":[{"taxonomy":"category","embeddable":true,"href":"https:\/\/feuerwehr-juetrichau.de\/index.php?rest_route=%2Fwp%2Fv2%2Fcategories&post=1342"},{"taxonomy":"post_tag","embeddable":true,"href":"https:\/\/feuerwehr-juetrichau.de\/index.php?rest_route=%2Fwp%2Fv2%2Ftags&post=1342"}],"curies":[{"name":"wp","href":"https:\/\/api.w.org\/{rel}","templated":true}]}}