{"id":1367,"date":"2021-12-03T09:28:52","date_gmt":"2021-12-03T08:28:52","guid":{"rendered":"http:\/\/feuerwehr.feuerwehr-juetrichau.de\/?p=1367"},"modified":"2021-12-03T09:28:52","modified_gmt":"2021-12-03T08:28:52","slug":"24-2021-einsatz-brand-1-2-og","status":"publish","type":"post","link":"https:\/\/feuerwehr-juetrichau.de\/?p=1367","title":{"rendered":"24\/2021 &#8211; Einsatz Brand 1.-2. OG"},"content":{"rendered":"\n<hr class=\"wp-block-separator\"\/>\n\n\n\n<p><strong>Einsatz:<\/strong> 24\/2021<br><strong>Datum:<\/strong> 27.07.2021<br><strong>Alarmzeit:<\/strong> 13:00 Uhr <br><strong>Alarmierungsart:<\/strong> RME, Sirene, Smartphone <br><strong>Dauer:<\/strong> 1:10 Minuten <br><strong>Einsatzort:<\/strong> <a rel=\"noreferrer noopener\" href=\"https:\/\/goo.gl\/maps\/xogRNxdFQF7bpxDfA\" target=\"_blank\">Papenbreite Zerbst<\/a><br><strong>Einsatzleiter<\/strong>: GF TSF-W\/S <br><strong>Anzahl der Kr\u00e4fte: <\/strong>9<br><strong>Fahrzeuge:<\/strong><a href=\"https:\/\/feuerwehr-juetrichau.de\/?page_id=133\"> MZF<\/a> , <a href=\"https:\/\/feuerwehr-juetrichau.de\/?page_id=135\">TSA<\/a> , <a href=\"https:\/\/feuerwehr-juetrichau.de\/?page_id=131\">TSF-W\/S<\/a><br><strong>Weitere Kr\u00e4fte:<\/strong>  FFW Zerbst, FFW G\u00fctergl\u00fcck<\/p>\n\n\n\n<hr class=\"wp-block-separator\"\/>\n\n\n\n<p><strong>Bericht:<\/strong><\/p>\n\n\n\n<p>Auf dem Gel\u00e4nde war ein PKW in Brand geraten.<\/p>\n","protected":false},"excerpt":{"rendered":"<p>Einsatz: 24\/2021Datum: 27.07.2021Alarmzeit: 13:00 Uhr Alarmierungsart: RME, Sirene, Smartphone Dauer: 1:10 Minuten Einsatzort: Papenbreite ZerbstEinsatzleiter: GF TSF-W\/S Anzahl der Kr\u00e4fte: 9Fahrzeuge: MZF , TSA , TSF-W\/SWeitere Kr\u00e4fte: FFW Zerbst, FFW G\u00fctergl\u00fcck Bericht: Auf dem Gel\u00e4nde war ein PKW in Brand geraten.<\/p>\n","protected":false},"author":1,"featured_media":0,"comment_status":"closed","ping_status":"closed","sticky":false,"template":"","format":"standard","meta":{"footnotes":""},"categories":[43],"tags":[],"class_list":["post-1367","post","type-post","status-publish","format-standard","hentry","category-einsaetze-2021"],"_links":{"self":[{"href":"https:\/\/feuerwehr-juetrichau.de\/index.php?rest_route=\/wp\/v2\/posts\/1367","targetHints":{"allow":["GET"]}}],"collection":[{"href":"https:\/\/feuerwehr-juetrichau.de\/index.php?rest_route=\/wp\/v2\/posts"}],"about":[{"href":"https:\/\/feuerwehr-juetrichau.de\/index.php?rest_route=\/wp\/v2\/types\/post"}],"author":[{"embeddable":true,"href":"https:\/\/feuerwehr-juetrichau.de\/index.php?rest_route=\/wp\/v2\/users\/1"}],"replies":[{"embeddable":true,"href":"https:\/\/feuerwehr-juetrichau.de\/index.php?rest_route=%2Fwp%2Fv2%2Fcomments&post=1367"}],"version-history":[{"count":1,"href":"https:\/\/feuerwehr-juetrichau.de\/index.php?rest_route=\/wp\/v2\/posts\/1367\/revisions"}],"predecessor-version":[{"id":1368,"href":"https:\/\/feuerwehr-juetrichau.de\/index.php?rest_route=\/wp\/v2\/posts\/1367\/revisions\/1368"}],"wp:attachment":[{"href":"https:\/\/feuerwehr-juetrichau.de\/index.php?rest_route=%2Fwp%2Fv2%2Fmedia&parent=1367"}],"wp:term":[{"taxonomy":"category","embeddable":true,"href":"https:\/\/feuerwehr-juetrichau.de\/index.php?rest_route=%2Fwp%2Fv2%2Fcategories&post=1367"},{"taxonomy":"post_tag","embeddable":true,"href":"https:\/\/feuerwehr-juetrichau.de\/index.php?rest_route=%2Fwp%2Fv2%2Ftags&post=1367"}],"curies":[{"name":"wp","href":"https:\/\/api.w.org\/{rel}","templated":true}]}}