{"id":1443,"date":"2021-12-03T13:28:09","date_gmt":"2021-12-03T12:28:09","guid":{"rendered":"http:\/\/feuerwehr.feuerwehr-juetrichau.de\/?p=1443"},"modified":"2021-12-03T13:28:09","modified_gmt":"2021-12-03T12:28:09","slug":"45-2021-einsatz-bma-objekt","status":"publish","type":"post","link":"https:\/\/feuerwehr-juetrichau.de\/?p=1443","title":{"rendered":"45\/2021 &#8211; Einsatz BMA-Objekt"},"content":{"rendered":"\n<hr class=\"wp-block-separator\"\/>\n\n\n\n<p><strong>Einsatz:<\/strong> 45\/2021<br><strong>Datum:<\/strong>\u00a017.11.2021<br><strong>Alarmzeit:<\/strong>\u00a006:21 Uhr\u00a0<br><strong>Alarmierungsart:<\/strong>\u00a0RME, Sirene, Smartphone\u00a0<br><strong>Dauer:<\/strong>\u00a000:39 Stunden<br><strong>Einsatzort:<\/strong>\u00a0<a rel=\"noreferrer noopener\" href=\"https:\/\/goo.gl\/maps\/z3KbHn7c2mFVCXwr5\" target=\"_blank\">Elis Nordost GmbH<\/a><br><strong>Einsatzleiter:<\/strong>\u00a0GF TSF-W\/S\u00a0<br><strong>Anzahl der Kr\u00e4fte: <\/strong>7<br><strong>Fahrzeuge:<\/strong><a href=\"https:\/\/feuerwehr-juetrichau.de\/?page_id=133\"> MZF<\/a>\u00a0,\u00a0<a href=\"https:\/\/feuerwehr-juetrichau.de\/?page_id=135\">TSA<\/a>\u00a0,\u00a0<a href=\"https:\/\/feuerwehr-juetrichau.de\/?page_id=131\">TSF-W\/S<\/a><br><strong>Weitere Kr\u00e4fte:<\/strong> FFW Zerbst, FFW G\u00fctergl\u00fcck<\/p>\n\n\n\n<hr class=\"wp-block-separator\"\/>\n\n\n\n<p><strong>Bericht:<\/strong><br>Wir hatten gerade, die Einsatzstelle des vorherigen Einsatzes zu verlassen, als uns die Leitstelle \u00fcber eine weitere ausgel\u00f6ste Brandmeldeanlage per Funk informierte. <\/p>\n\n\n\n<p>Ursache des Alarms hier war hier eine \u00fcberhitze Maschine. Dadurch kam es zum Austritt einer gr\u00f6\u00dferen Menge an Wasserdampf.\u00a0<\/p>\n","protected":false},"excerpt":{"rendered":"<p>Einsatz: 45\/2021Datum:\u00a017.11.2021Alarmzeit:\u00a006:21 Uhr\u00a0Alarmierungsart:\u00a0RME, Sirene, Smartphone\u00a0Dauer:\u00a000:39 StundenEinsatzort:\u00a0Elis Nordost GmbHEinsatzleiter:\u00a0GF TSF-W\/S\u00a0Anzahl der Kr\u00e4fte: 7Fahrzeuge: MZF\u00a0,\u00a0TSA\u00a0,\u00a0TSF-W\/SWeitere Kr\u00e4fte: FFW Zerbst, FFW G\u00fctergl\u00fcck Bericht:Wir hatten gerade, die Einsatzstelle des vorherigen Einsatzes zu verlassen, als uns die Leitstelle \u00fcber eine weitere ausgel\u00f6ste Brandmeldeanlage per Funk informierte. Ursache des Alarms hier war hier eine \u00fcberhitze Maschine. Dadurch kam es zum Austritt einer <a class=\"read-more\" href=\"https:\/\/feuerwehr-juetrichau.de\/?p=1443\">... weiterlesen <span class=\"meta-nav\">&rarr;<\/span><\/a><\/p>\n","protected":false},"author":1,"featured_media":0,"comment_status":"closed","ping_status":"closed","sticky":false,"template":"","format":"standard","meta":{"footnotes":""},"categories":[43],"tags":[],"class_list":["post-1443","post","type-post","status-publish","format-standard","hentry","category-einsaetze-2021"],"_links":{"self":[{"href":"https:\/\/feuerwehr-juetrichau.de\/index.php?rest_route=\/wp\/v2\/posts\/1443","targetHints":{"allow":["GET"]}}],"collection":[{"href":"https:\/\/feuerwehr-juetrichau.de\/index.php?rest_route=\/wp\/v2\/posts"}],"about":[{"href":"https:\/\/feuerwehr-juetrichau.de\/index.php?rest_route=\/wp\/v2\/types\/post"}],"author":[{"embeddable":true,"href":"https:\/\/feuerwehr-juetrichau.de\/index.php?rest_route=\/wp\/v2\/users\/1"}],"replies":[{"embeddable":true,"href":"https:\/\/feuerwehr-juetrichau.de\/index.php?rest_route=%2Fwp%2Fv2%2Fcomments&post=1443"}],"version-history":[{"count":1,"href":"https:\/\/feuerwehr-juetrichau.de\/index.php?rest_route=\/wp\/v2\/posts\/1443\/revisions"}],"predecessor-version":[{"id":1444,"href":"https:\/\/feuerwehr-juetrichau.de\/index.php?rest_route=\/wp\/v2\/posts\/1443\/revisions\/1444"}],"wp:attachment":[{"href":"https:\/\/feuerwehr-juetrichau.de\/index.php?rest_route=%2Fwp%2Fv2%2Fmedia&parent=1443"}],"wp:term":[{"taxonomy":"category","embeddable":true,"href":"https:\/\/feuerwehr-juetrichau.de\/index.php?rest_route=%2Fwp%2Fv2%2Fcategories&post=1443"},{"taxonomy":"post_tag","embeddable":true,"href":"https:\/\/feuerwehr-juetrichau.de\/index.php?rest_route=%2Fwp%2Fv2%2Ftags&post=1443"}],"curies":[{"name":"wp","href":"https:\/\/api.w.org\/{rel}","templated":true}]}}