{"id":1454,"date":"2021-12-03T14:11:51","date_gmt":"2021-12-03T13:11:51","guid":{"rendered":"http:\/\/feuerwehr.feuerwehr-juetrichau.de\/?p=1454"},"modified":"2021-12-03T15:16:22","modified_gmt":"2021-12-03T14:16:22","slug":"49-2021-einsatz-brand-1-2-og","status":"publish","type":"post","link":"https:\/\/feuerwehr-juetrichau.de\/?p=1454","title":{"rendered":"49\/2021 &#8211; Einsatz Brand 1.-2.OG"},"content":{"rendered":"\n<hr class=\"wp-block-separator\"\/>\n\n\n\n<p><strong>Einsatz:<\/strong> 49\/2021<br><strong>Datum:<\/strong>\u00a002.12.2021<br><strong>Alarmzeit:<\/strong>\u00a011:02 Uhr\u00a0<br><strong>Alarmierungsart:<\/strong>\u00a0RME, Sirene, Smartphone\u00a0<br><strong>Dauer:<\/strong>\u00a000:58 Stunden<br><strong>Einsatzort:<\/strong>\u00a0<a href=\"https:\/\/w3w.co\/werk.wach.mauern\" target=\"_blank\" rel=\"noreferrer noopener\">Sekundarschule Ciervisti<\/a><br><strong>Einsatzleiter:<\/strong>\u00a0GF TSF-W\/S\u00a0<br><strong>Anzahl der Kr\u00e4fte: <\/strong>10<br><strong>Fahrzeuge:<\/strong><a href=\"https:\/\/feuerwehr-juetrichau.de\/?page_id=133\"> MZF<\/a>\u00a0,\u00a0<a href=\"https:\/\/feuerwehr-juetrichau.de\/?page_id=135\">TSA<\/a>\u00a0,\u00a0<a href=\"https:\/\/feuerwehr-juetrichau.de\/?page_id=131\">TSF-W\/S<\/a><br><strong>Weitere Kr\u00e4fte:<\/strong> FFW Zerbst, FFW G\u00fctergl\u00fcck<\/p>\n\n\n\n<hr class=\"wp-block-separator\"\/>\n\n\n\n<p><strong>Bericht:<\/strong><br><\/p>\n\n\n\n<figure class=\"wp-block-image size-full\"><a href=\"https:\/\/feuerwehr-juetrichau.de\/wp-content\/uploads\/2021\/12\/image-5.png\"><img loading=\"lazy\" decoding=\"async\" width=\"1691\" height=\"888\" src=\"https:\/\/feuerwehr-juetrichau.de\/wp-content\/uploads\/2021\/12\/image-5.png\" alt=\"\" class=\"wp-image-1455\" srcset=\"https:\/\/feuerwehr-juetrichau.de\/wp-content\/uploads\/2021\/12\/image-5.png 1691w, https:\/\/feuerwehr-juetrichau.de\/wp-content\/uploads\/2021\/12\/image-5-300x158.png 300w, https:\/\/feuerwehr-juetrichau.de\/wp-content\/uploads\/2021\/12\/image-5-1024x538.png 1024w, https:\/\/feuerwehr-juetrichau.de\/wp-content\/uploads\/2021\/12\/image-5-768x403.png 768w, https:\/\/feuerwehr-juetrichau.de\/wp-content\/uploads\/2021\/12\/image-5-1536x807.png 1536w, https:\/\/feuerwehr-juetrichau.de\/wp-content\/uploads\/2021\/12\/image-5-960x504.png 960w\" sizes=\"auto, (max-width: 1691px) 100vw, 1691px\" \/><\/a><\/figure>\n\n\n\n<p><a href=\"https:\/\/www.facebook.com\/sharer\/sharer.php?u=https%3A%2F%2Fwww.zerbster-feuerwehr.de%2Findex.php%2Feinaetze%2Feinsatzbericht%2F759\"><\/a><\/p>\n\n\n\n<p><\/p>\n","protected":false},"excerpt":{"rendered":"<p>Einsatz: 49\/2021Datum:\u00a002.12.2021Alarmzeit:\u00a011:02 Uhr\u00a0Alarmierungsart:\u00a0RME, Sirene, Smartphone\u00a0Dauer:\u00a000:58 StundenEinsatzort:\u00a0Sekundarschule CiervistiEinsatzleiter:\u00a0GF TSF-W\/S\u00a0Anzahl der Kr\u00e4fte: 10Fahrzeuge: MZF\u00a0,\u00a0TSA\u00a0,\u00a0TSF-W\/SWeitere Kr\u00e4fte: FFW Zerbst, FFW G\u00fctergl\u00fcck Bericht:<\/p>\n","protected":false},"author":1,"featured_media":0,"comment_status":"closed","ping_status":"closed","sticky":false,"template":"","format":"standard","meta":{"footnotes":""},"categories":[43],"tags":[],"class_list":["post-1454","post","type-post","status-publish","format-standard","hentry","category-einsaetze-2021"],"_links":{"self":[{"href":"https:\/\/feuerwehr-juetrichau.de\/index.php?rest_route=\/wp\/v2\/posts\/1454","targetHints":{"allow":["GET"]}}],"collection":[{"href":"https:\/\/feuerwehr-juetrichau.de\/index.php?rest_route=\/wp\/v2\/posts"}],"about":[{"href":"https:\/\/feuerwehr-juetrichau.de\/index.php?rest_route=\/wp\/v2\/types\/post"}],"author":[{"embeddable":true,"href":"https:\/\/feuerwehr-juetrichau.de\/index.php?rest_route=\/wp\/v2\/users\/1"}],"replies":[{"embeddable":true,"href":"https:\/\/feuerwehr-juetrichau.de\/index.php?rest_route=%2Fwp%2Fv2%2Fcomments&post=1454"}],"version-history":[{"count":3,"href":"https:\/\/feuerwehr-juetrichau.de\/index.php?rest_route=\/wp\/v2\/posts\/1454\/revisions"}],"predecessor-version":[{"id":1474,"href":"https:\/\/feuerwehr-juetrichau.de\/index.php?rest_route=\/wp\/v2\/posts\/1454\/revisions\/1474"}],"wp:attachment":[{"href":"https:\/\/feuerwehr-juetrichau.de\/index.php?rest_route=%2Fwp%2Fv2%2Fmedia&parent=1454"}],"wp:term":[{"taxonomy":"category","embeddable":true,"href":"https:\/\/feuerwehr-juetrichau.de\/index.php?rest_route=%2Fwp%2Fv2%2Fcategories&post=1454"},{"taxonomy":"post_tag","embeddable":true,"href":"https:\/\/feuerwehr-juetrichau.de\/index.php?rest_route=%2Fwp%2Fv2%2Ftags&post=1454"}],"curies":[{"name":"wp","href":"https:\/\/api.w.org\/{rel}","templated":true}]}}