{"id":1488,"date":"2021-12-21T16:41:08","date_gmt":"2021-12-21T15:41:08","guid":{"rendered":"http:\/\/feuerwehr.feuerwehr-juetrichau.de\/?p=1488"},"modified":"2021-12-23T09:13:26","modified_gmt":"2021-12-23T08:13:26","slug":"51-2021-einsatz-p-klemm","status":"publish","type":"post","link":"https:\/\/feuerwehr-juetrichau.de\/?p=1488","title":{"rendered":"51\/2021 &#8211; Einsatz P-Klemm"},"content":{"rendered":"\n<hr class=\"wp-block-separator\"\/>\n\n\n\n<p><strong>Einsatz:<\/strong> 51\/2021<br><strong>Datum:<\/strong>\u00a021.12.2021<br><strong>Alarmzeit:<\/strong>\u00a0 16:01 Uhr\u00a0<br><strong>Alarmierungsart:<\/strong>\u00a0RME, Sirene, Smartphone\u00a0<br><strong>Dauer:<\/strong>\u00a0 0:45 Stunden<br><strong>Einsatzort:<\/strong> <a rel=\"noreferrer noopener\" href=\"https:\/\/w3w.co\/aktueller.zeugen.fernseher\" target=\"_blank\">Fritz-Brandt-Stra\u00dfe in Zerbst<\/a><br><strong>Einsatzleiter:<\/strong>\u00a0GF TSF-W\/S\u00a0<br><strong>Anzahl der Kr\u00e4fte: <\/strong>15<br><strong>Fahrzeuge:<\/strong><a href=\"https:\/\/feuerwehr-juetrichau.de\/?page_id=133\"> MZF<\/a>\u00a0,\u00a0<a href=\"https:\/\/feuerwehr-juetrichau.de\/?page_id=135\">TSA<\/a>\u00a0,\u00a0<a href=\"https:\/\/feuerwehr-juetrichau.de\/?page_id=131\">TSF-W\/S<\/a><br><strong>Weitere Kr\u00e4fte:<\/strong> FFW Zerbst, Rettungsdienst, Notarzt<\/p>\n\n\n\n<hr class=\"wp-block-separator is-style-wide\"\/>\n\n\n\n<p><strong>Bericht:<\/strong><\/p>\n\n\n\n<p>Am heutigen sp\u00e4ten Nachmittag wurden zu einem Verkehrsunfall in der Fritz-Brandt-Stra\u00dfe in Zerbst gerufen. Laut Einsatzmeldung auf dem Rufmeldempf\u00e4nger, sollten Personen eingeklemmt sein. An der Unfallstelle angekommen, stellte sich heraus, dass bei dem Auffahrunfall keine Personen eingeklemmt wurden. Die Unfallbeteiligten hatte Ihre Fahrzeuge schon selbst\u00e4ndig verlassen.  Daraufhin konnten wir die Ensatzstelle wieder verlassen.<a href=\"https:\/\/www.facebook.com\/sharer\/sharer.php?u=https%3A%2F%2Fwww.zerbster-feuerwehr.de%2Findex.php%2Feinaetze%2Feinsatzbericht%2F759\"><\/a><\/p>\n\n\n\n<hr class=\"wp-block-separator is-style-wide\"\/>\n\n\n\n<figure class=\"wp-block-image size-full\"><a href=\"https:\/\/feuerwehr-juetrichau.de\/wp-content\/uploads\/2021\/12\/grafik-1.png\"><img loading=\"lazy\" decoding=\"async\" width=\"1544\" height=\"519\" src=\"https:\/\/feuerwehr-juetrichau.de\/wp-content\/uploads\/2021\/12\/grafik-1.png\" alt=\"\" class=\"wp-image-1492\" srcset=\"https:\/\/feuerwehr-juetrichau.de\/wp-content\/uploads\/2021\/12\/grafik-1.png 1544w, https:\/\/feuerwehr-juetrichau.de\/wp-content\/uploads\/2021\/12\/grafik-1-300x101.png 300w, https:\/\/feuerwehr-juetrichau.de\/wp-content\/uploads\/2021\/12\/grafik-1-1024x344.png 1024w, https:\/\/feuerwehr-juetrichau.de\/wp-content\/uploads\/2021\/12\/grafik-1-768x258.png 768w, https:\/\/feuerwehr-juetrichau.de\/wp-content\/uploads\/2021\/12\/grafik-1-1536x516.png 1536w, https:\/\/feuerwehr-juetrichau.de\/wp-content\/uploads\/2021\/12\/grafik-1-960x323.png 960w\" sizes=\"auto, (max-width: 1544px) 100vw, 1544px\" \/><\/a><\/figure>\n\n\n\n<figure class=\"wp-block-image size-full\"><a href=\"https:\/\/feuerwehr-juetrichau.de\/wp-content\/uploads\/2021\/12\/wp-16401002675524470741667569624826.jpg\"><img loading=\"lazy\" decoding=\"async\" width=\"2466\" height=\"1730\" src=\"https:\/\/feuerwehr-juetrichau.de\/wp-content\/uploads\/2021\/12\/wp-16401002675524470741667569624826.jpg\" alt=\"\" class=\"wp-image-1486\" srcset=\"https:\/\/feuerwehr-juetrichau.de\/wp-content\/uploads\/2021\/12\/wp-16401002675524470741667569624826.jpg 2466w, https:\/\/feuerwehr-juetrichau.de\/wp-content\/uploads\/2021\/12\/wp-16401002675524470741667569624826-300x210.jpg 300w, https:\/\/feuerwehr-juetrichau.de\/wp-content\/uploads\/2021\/12\/wp-16401002675524470741667569624826-1024x718.jpg 1024w, https:\/\/feuerwehr-juetrichau.de\/wp-content\/uploads\/2021\/12\/wp-16401002675524470741667569624826-768x539.jpg 768w, https:\/\/feuerwehr-juetrichau.de\/wp-content\/uploads\/2021\/12\/wp-16401002675524470741667569624826-1536x1078.jpg 1536w, https:\/\/feuerwehr-juetrichau.de\/wp-content\/uploads\/2021\/12\/wp-16401002675524470741667569624826-2048x1437.jpg 2048w, https:\/\/feuerwehr-juetrichau.de\/wp-content\/uploads\/2021\/12\/wp-16401002675524470741667569624826-960x673.jpg 960w\" sizes=\"auto, (max-width: 2466px) 100vw, 2466px\" \/><\/a><\/figure>\n","protected":false},"excerpt":{"rendered":"<p>Einsatz: 51\/2021Datum:\u00a021.12.2021Alarmzeit:\u00a0 16:01 Uhr\u00a0Alarmierungsart:\u00a0RME, Sirene, Smartphone\u00a0Dauer:\u00a0 0:45 StundenEinsatzort: Fritz-Brandt-Stra\u00dfe in ZerbstEinsatzleiter:\u00a0GF TSF-W\/S\u00a0Anzahl der Kr\u00e4fte: 15Fahrzeuge: MZF\u00a0,\u00a0TSA\u00a0,\u00a0TSF-W\/SWeitere Kr\u00e4fte: FFW Zerbst, Rettungsdienst, Notarzt Bericht: Am heutigen sp\u00e4ten Nachmittag wurden zu einem Verkehrsunfall in der Fritz-Brandt-Stra\u00dfe in Zerbst gerufen. Laut Einsatzmeldung auf dem Rufmeldempf\u00e4nger, sollten Personen eingeklemmt sein. An der Unfallstelle angekommen, stellte sich heraus, dass bei dem <a class=\"read-more\" href=\"https:\/\/feuerwehr-juetrichau.de\/?p=1488\">... weiterlesen <span class=\"meta-nav\">&rarr;<\/span><\/a><\/p>\n","protected":false},"author":2,"featured_media":0,"comment_status":"closed","ping_status":"closed","sticky":false,"template":"","format":"standard","meta":{"footnotes":""},"categories":[43],"tags":[],"class_list":["post-1488","post","type-post","status-publish","format-standard","hentry","category-einsaetze-2021"],"_links":{"self":[{"href":"https:\/\/feuerwehr-juetrichau.de\/index.php?rest_route=\/wp\/v2\/posts\/1488","targetHints":{"allow":["GET"]}}],"collection":[{"href":"https:\/\/feuerwehr-juetrichau.de\/index.php?rest_route=\/wp\/v2\/posts"}],"about":[{"href":"https:\/\/feuerwehr-juetrichau.de\/index.php?rest_route=\/wp\/v2\/types\/post"}],"author":[{"embeddable":true,"href":"https:\/\/feuerwehr-juetrichau.de\/index.php?rest_route=\/wp\/v2\/users\/2"}],"replies":[{"embeddable":true,"href":"https:\/\/feuerwehr-juetrichau.de\/index.php?rest_route=%2Fwp%2Fv2%2Fcomments&post=1488"}],"version-history":[{"count":2,"href":"https:\/\/feuerwehr-juetrichau.de\/index.php?rest_route=\/wp\/v2\/posts\/1488\/revisions"}],"predecessor-version":[{"id":1493,"href":"https:\/\/feuerwehr-juetrichau.de\/index.php?rest_route=\/wp\/v2\/posts\/1488\/revisions\/1493"}],"wp:attachment":[{"href":"https:\/\/feuerwehr-juetrichau.de\/index.php?rest_route=%2Fwp%2Fv2%2Fmedia&parent=1488"}],"wp:term":[{"taxonomy":"category","embeddable":true,"href":"https:\/\/feuerwehr-juetrichau.de\/index.php?rest_route=%2Fwp%2Fv2%2Fcategories&post=1488"},{"taxonomy":"post_tag","embeddable":true,"href":"https:\/\/feuerwehr-juetrichau.de\/index.php?rest_route=%2Fwp%2Fv2%2Ftags&post=1488"}],"curies":[{"name":"wp","href":"https:\/\/api.w.org\/{rel}","templated":true}]}}