{"id":1520,"date":"2022-02-02T12:01:31","date_gmt":"2022-02-02T11:01:31","guid":{"rendered":"http:\/\/feuerwehr.feuerwehr-juetrichau.de\/?p=1520"},"modified":"2022-02-02T14:30:08","modified_gmt":"2022-02-02T13:30:08","slug":"06-2022-einsatz-sturm","status":"publish","type":"post","link":"https:\/\/feuerwehr-juetrichau.de\/?p=1520","title":{"rendered":"06\/2022 &#8211; Einsatz Sturm"},"content":{"rendered":"\n<hr class=\"wp-block-separator\"\/>\n\n\n\n<p><strong>Einsatz:<\/strong> 06\/2022<br><strong>Datum:<\/strong> 29.01.2022<br><strong>Alarmzeit:<\/strong> 22:47 Uhr <br><strong>Alarmierungsart:<\/strong> RME, Sirene, Smartphone <br><strong>Dauer:<\/strong> 00:45 Minuten <br><strong>Einsatzort:<\/strong>  K 1781<br><iframe src=\"https:\/\/www.google.com\/maps\/embed?pb=!1m14!1m12!1m3!1d1179.5035257478005!2d12.121773950522101!3d51.930000735841936!2m3!1f0!2f0!3f0!3m2!1i1024!2i768!4f13.1!5e1!3m2!1sde!2sde!4v1643808542683!5m2!1sde!2sde\" style=\"border:0;\" allowfullscreen=\"\" loading=\"lazy\" width=\"400\" height=\"300\"><\/iframe><br><strong>Einsatzleiter<\/strong>: GF TSF-W\/S <br><strong>Anzahl der Kr\u00e4fte: <\/strong>11<br><strong>Fahrzeuge:<\/strong><a href=\"https:\/\/feuerwehr-juetrichau.de\/?page_id=133\"> MZF<\/a> , <a href=\"https:\/\/feuerwehr-juetrichau.de\/?page_id=135\">TSA<\/a> , <a href=\"https:\/\/feuerwehr-juetrichau.de\/?page_id=131\">TSF-W\/S<\/a><br><strong>Weitere Kr\u00e4fte:<\/strong>  <\/p>\n\n\n\n<hr class=\"wp-block-separator\"\/>\n\n\n\n<p><strong>Bericht:<\/strong><\/p>\n\n\n\n<p>Zwischen J\u00fctrchau und Pakendorf war eine trockene Kiefer auf die Fahrbahn gest\u00fcrzt. Mittels Kettens\u00e4ge wurde die Kiefer zerkleinert und beseite ger\u00e4umt. Die Fahrbahn wurde gereinigt.<\/p>\n\n\n\n<figure class=\"wp-block-image size-large\"><a href=\"https:\/\/feuerwehr-juetrichau.de\/wp-content\/uploads\/2022\/01\/wp-16436213027795429914517038892205.jpg\"><img loading=\"lazy\" decoding=\"async\" width=\"1024\" height=\"768\" src=\"https:\/\/feuerwehr-juetrichau.de\/wp-content\/uploads\/2022\/01\/wp-16436213027795429914517038892205-1024x768.jpg\" alt=\"\" class=\"wp-image-1517\" srcset=\"https:\/\/feuerwehr-juetrichau.de\/wp-content\/uploads\/2022\/01\/wp-16436213027795429914517038892205-1024x768.jpg 1024w, https:\/\/feuerwehr-juetrichau.de\/wp-content\/uploads\/2022\/01\/wp-16436213027795429914517038892205-300x225.jpg 300w, https:\/\/feuerwehr-juetrichau.de\/wp-content\/uploads\/2022\/01\/wp-16436213027795429914517038892205-768x576.jpg 768w, https:\/\/feuerwehr-juetrichau.de\/wp-content\/uploads\/2022\/01\/wp-16436213027795429914517038892205-1536x1152.jpg 1536w, https:\/\/feuerwehr-juetrichau.de\/wp-content\/uploads\/2022\/01\/wp-16436213027795429914517038892205-960x720.jpg 960w, https:\/\/feuerwehr-juetrichau.de\/wp-content\/uploads\/2022\/01\/wp-16436213027795429914517038892205.jpg 2048w\" sizes=\"auto, (max-width: 1024px) 100vw, 1024px\" \/><\/a><\/figure>\n","protected":false},"excerpt":{"rendered":"<p>Einsatz: 06\/2022Datum: 29.01.2022Alarmzeit: 22:47 Uhr Alarmierungsart: RME, Sirene, Smartphone Dauer: 00:45 Minuten Einsatzort: K 1781Einsatzleiter: GF TSF-W\/S Anzahl der Kr\u00e4fte: 11Fahrzeuge: MZF , TSA , TSF-W\/SWeitere Kr\u00e4fte: Bericht: Zwischen J\u00fctrchau und Pakendorf war eine trockene Kiefer auf die Fahrbahn gest\u00fcrzt. Mittels Kettens\u00e4ge wurde die Kiefer zerkleinert und beseite ger\u00e4umt. Die Fahrbahn wurde gereinigt.<\/p>\n","protected":false},"author":1,"featured_media":0,"comment_status":"closed","ping_status":"closed","sticky":false,"template":"","format":"standard","meta":{"footnotes":""},"categories":[44],"tags":[],"class_list":["post-1520","post","type-post","status-publish","format-standard","hentry","category-einsaetze-2022"],"_links":{"self":[{"href":"https:\/\/feuerwehr-juetrichau.de\/index.php?rest_route=\/wp\/v2\/posts\/1520","targetHints":{"allow":["GET"]}}],"collection":[{"href":"https:\/\/feuerwehr-juetrichau.de\/index.php?rest_route=\/wp\/v2\/posts"}],"about":[{"href":"https:\/\/feuerwehr-juetrichau.de\/index.php?rest_route=\/wp\/v2\/types\/post"}],"author":[{"embeddable":true,"href":"https:\/\/feuerwehr-juetrichau.de\/index.php?rest_route=\/wp\/v2\/users\/1"}],"replies":[{"embeddable":true,"href":"https:\/\/feuerwehr-juetrichau.de\/index.php?rest_route=%2Fwp%2Fv2%2Fcomments&post=1520"}],"version-history":[{"count":8,"href":"https:\/\/feuerwehr-juetrichau.de\/index.php?rest_route=\/wp\/v2\/posts\/1520\/revisions"}],"predecessor-version":[{"id":1538,"href":"https:\/\/feuerwehr-juetrichau.de\/index.php?rest_route=\/wp\/v2\/posts\/1520\/revisions\/1538"}],"wp:attachment":[{"href":"https:\/\/feuerwehr-juetrichau.de\/index.php?rest_route=%2Fwp%2Fv2%2Fmedia&parent=1520"}],"wp:term":[{"taxonomy":"category","embeddable":true,"href":"https:\/\/feuerwehr-juetrichau.de\/index.php?rest_route=%2Fwp%2Fv2%2Fcategories&post=1520"},{"taxonomy":"post_tag","embeddable":true,"href":"https:\/\/feuerwehr-juetrichau.de\/index.php?rest_route=%2Fwp%2Fv2%2Ftags&post=1520"}],"curies":[{"name":"wp","href":"https:\/\/api.w.org\/{rel}","templated":true}]}}