{"id":1545,"date":"2022-02-07T07:56:59","date_gmt":"2022-02-07T06:56:59","guid":{"rendered":"http:\/\/feuerwehr.feuerwehr-juetrichau.de\/?p=1545"},"modified":"2022-02-16T16:18:04","modified_gmt":"2022-02-16T15:18:04","slug":"09-2022-einsatz-bma-objekt","status":"publish","type":"post","link":"https:\/\/feuerwehr-juetrichau.de\/?p=1545","title":{"rendered":"09\/2022 &#8211; Einsatz BMA-Objekt"},"content":{"rendered":"\n<hr class=\"wp-block-separator\"\/>\n\n\n\n<p><strong>Einsatz:<\/strong> 09\/2022<br><strong>Datum:<\/strong>\u00a007.02.2022<br><strong>Alarmzeit:<\/strong>\u00a005:00 Uhr\u00a0<br><strong>Alarmierungsart:<\/strong>\u00a0RME, Sirene, Smartphone\u00a0<br><strong>Dauer:<\/strong>\u00a000:30 Stunden<br><strong>Einsatzort:<\/strong>\u00a0<a rel=\"noreferrer noopener\" href=\"https:\/\/goo.gl\/maps\/z3KbHn7c2mFVCXwr5\" target=\"_blank\">Elis Nordost GmbH<\/a><br><strong>Einsatzleiter:<\/strong>\u00a0GF TSF-W\/S\u00a0<br><strong>Anzahl der Kr\u00e4fte: <\/strong>15<br><strong>Fahrzeuge:<\/strong><a href=\"https:\/\/feuerwehr-juetrichau.de\/?page_id=133\"> MZF<\/a>\u00a0,\u00a0<a href=\"https:\/\/feuerwehr-juetrichau.de\/?page_id=135\">TSA<\/a>\u00a0,\u00a0<a href=\"https:\/\/feuerwehr-juetrichau.de\/?page_id=131\">TSF-W\/S<\/a><br><strong>Weitere Kr\u00e4fte:<\/strong> FFW Zerbst<\/p>\n\n\n\n<hr class=\"wp-block-separator\"\/>\n\n\n\n<p><strong>Bericht:<\/strong><br>Geweckt wurden die Kameraden heute morgen Punkt 05:00 Uhr nicht durch den Wecker sondern durch den Pieper. Die BMA der Elis Nordost GmbH im Ahornweg hatte ausgel\u00f6st. Ursache f\u00fcr die Ausl\u00f6sung der BMA war der Austritt einer gr\u00f6\u00dferen Menge an Wasserdampf.\u00a0<\/p>\n","protected":false},"excerpt":{"rendered":"<p>Einsatz: 09\/2022Datum:\u00a007.02.2022Alarmzeit:\u00a005:00 Uhr\u00a0Alarmierungsart:\u00a0RME, Sirene, Smartphone\u00a0Dauer:\u00a000:30 StundenEinsatzort:\u00a0Elis Nordost GmbHEinsatzleiter:\u00a0GF TSF-W\/S\u00a0Anzahl der Kr\u00e4fte: 15Fahrzeuge: MZF\u00a0,\u00a0TSA\u00a0,\u00a0TSF-W\/SWeitere Kr\u00e4fte: FFW Zerbst Bericht:Geweckt wurden die Kameraden heute morgen Punkt 05:00 Uhr nicht durch den Wecker sondern durch den Pieper. Die BMA der Elis Nordost GmbH im Ahornweg hatte ausgel\u00f6st. Ursache f\u00fcr die Ausl\u00f6sung der BMA war der Austritt einer gr\u00f6\u00dferen Menge <a class=\"read-more\" href=\"https:\/\/feuerwehr-juetrichau.de\/?p=1545\">... weiterlesen <span class=\"meta-nav\">&rarr;<\/span><\/a><\/p>\n","protected":false},"author":1,"featured_media":0,"comment_status":"closed","ping_status":"closed","sticky":false,"template":"","format":"standard","meta":{"footnotes":""},"categories":[44],"tags":[],"class_list":["post-1545","post","type-post","status-publish","format-standard","hentry","category-einsaetze-2022"],"_links":{"self":[{"href":"https:\/\/feuerwehr-juetrichau.de\/index.php?rest_route=\/wp\/v2\/posts\/1545","targetHints":{"allow":["GET"]}}],"collection":[{"href":"https:\/\/feuerwehr-juetrichau.de\/index.php?rest_route=\/wp\/v2\/posts"}],"about":[{"href":"https:\/\/feuerwehr-juetrichau.de\/index.php?rest_route=\/wp\/v2\/types\/post"}],"author":[{"embeddable":true,"href":"https:\/\/feuerwehr-juetrichau.de\/index.php?rest_route=\/wp\/v2\/users\/1"}],"replies":[{"embeddable":true,"href":"https:\/\/feuerwehr-juetrichau.de\/index.php?rest_route=%2Fwp%2Fv2%2Fcomments&post=1545"}],"version-history":[{"count":1,"href":"https:\/\/feuerwehr-juetrichau.de\/index.php?rest_route=\/wp\/v2\/posts\/1545\/revisions"}],"predecessor-version":[{"id":1546,"href":"https:\/\/feuerwehr-juetrichau.de\/index.php?rest_route=\/wp\/v2\/posts\/1545\/revisions\/1546"}],"wp:attachment":[{"href":"https:\/\/feuerwehr-juetrichau.de\/index.php?rest_route=%2Fwp%2Fv2%2Fmedia&parent=1545"}],"wp:term":[{"taxonomy":"category","embeddable":true,"href":"https:\/\/feuerwehr-juetrichau.de\/index.php?rest_route=%2Fwp%2Fv2%2Fcategories&post=1545"},{"taxonomy":"post_tag","embeddable":true,"href":"https:\/\/feuerwehr-juetrichau.de\/index.php?rest_route=%2Fwp%2Fv2%2Ftags&post=1545"}],"curies":[{"name":"wp","href":"https:\/\/api.w.org\/{rel}","templated":true}]}}