{"id":1551,"date":"2022-02-16T16:16:35","date_gmt":"2022-02-16T15:16:35","guid":{"rendered":"http:\/\/feuerwehr.feuerwehr-juetrichau.de\/?p=1551"},"modified":"2022-02-17T16:06:03","modified_gmt":"2022-02-17T15:06:03","slug":"11-2022-einsatz-brand-gebaeude-1-2-og","status":"publish","type":"post","link":"https:\/\/feuerwehr-juetrichau.de\/?p=1551","title":{"rendered":"11\/2022 &#8211; Einsatz Brand Geb\u00e4ude 1.-2.OG"},"content":{"rendered":"\n<hr class=\"wp-block-separator\"\/>\n\n\n\n<p><strong>Einsatz:<\/strong> 11\/2022<br><strong>Datum:<\/strong>\u00a016.02.2022<br><strong>Alarmzeit:<\/strong>\u00a015:06 Uhr\u00a0<br><strong>Alarmierungsart:<\/strong>\u00a0RME, Sirene, Smartphone\u00a0<br><strong>Dauer:<\/strong>\u00a000:45 Stunden<br><strong>Einsatzort:<\/strong>\u00a0<a rel=\"noreferrer noopener\" href=\"https:\/\/w3w.co\/d\u00f6rfern.gespr\u00e4che.ortskundige\" target=\"_blank\">Sch\u00fctzenplatz Zerbst<\/a><br><strong>Einsatzleiter:<\/strong>\u00a0GF TSF-W\/S\u00a0<br><strong>Anzahl der Kr\u00e4fte: <\/strong>10<br><strong>Fahrzeuge:<\/strong><a href=\"https:\/\/feuerwehr-juetrichau.de\/?page_id=133\"> MZF<\/a>\u00a0,\u00a0<a href=\"https:\/\/feuerwehr-juetrichau.de\/?page_id=135\">TSA<\/a>\u00a0,\u00a0<a href=\"https:\/\/feuerwehr-juetrichau.de\/?page_id=131\">TSF-W\/S<\/a><br><strong>Weitere Kr\u00e4fte:<\/strong> FFW Zerbst, FFW G\u00fctergl\u00fcck<\/p>\n\n\n\n<hr class=\"wp-block-separator\"\/>\n\n\n\n<p><strong>Bericht:<\/strong> <\/p>\n\n\n\n<p>In einem leerstehenden Geb\u00e4ude am Zebster Sch\u00fctzenplatz hat eine Matratze gebrannt. Unter Atemschutz hagen die Zerbster Kameraden diese gel\u00f6scht. Der Einstz konnte nach kurzer Zeit beendet werden.<\/p>\n\n\n\n<hr class=\"wp-block-separator\"\/>\n\n\n\n<figure class=\"wp-block-image size-full\"><a href=\"https:\/\/feuerwehr-juetrichau.de\/wp-content\/uploads\/2022\/02\/wp-16450240562064206632693273141987-scaled.jpg\"><img loading=\"lazy\" decoding=\"async\" width=\"2560\" height=\"2093\" src=\"https:\/\/feuerwehr-juetrichau.de\/wp-content\/uploads\/2022\/02\/wp-16450240562064206632693273141987-scaled.jpg\" alt=\"\" class=\"wp-image-1550\" srcset=\"https:\/\/feuerwehr-juetrichau.de\/wp-content\/uploads\/2022\/02\/wp-16450240562064206632693273141987-scaled.jpg 2560w, https:\/\/feuerwehr-juetrichau.de\/wp-content\/uploads\/2022\/02\/wp-16450240562064206632693273141987-300x245.jpg 300w, https:\/\/feuerwehr-juetrichau.de\/wp-content\/uploads\/2022\/02\/wp-16450240562064206632693273141987-1024x837.jpg 1024w, https:\/\/feuerwehr-juetrichau.de\/wp-content\/uploads\/2022\/02\/wp-16450240562064206632693273141987-768x628.jpg 768w, https:\/\/feuerwehr-juetrichau.de\/wp-content\/uploads\/2022\/02\/wp-16450240562064206632693273141987-1536x1256.jpg 1536w, https:\/\/feuerwehr-juetrichau.de\/wp-content\/uploads\/2022\/02\/wp-16450240562064206632693273141987-2048x1675.jpg 2048w, https:\/\/feuerwehr-juetrichau.de\/wp-content\/uploads\/2022\/02\/wp-16450240562064206632693273141987-960x785.jpg 960w\" sizes=\"auto, (max-width: 2560px) 100vw, 2560px\" \/><\/a><\/figure>\n","protected":false},"excerpt":{"rendered":"<p>Einsatz: 11\/2022Datum:\u00a016.02.2022Alarmzeit:\u00a015:06 Uhr\u00a0Alarmierungsart:\u00a0RME, Sirene, Smartphone\u00a0Dauer:\u00a000:45 StundenEinsatzort:\u00a0Sch\u00fctzenplatz ZerbstEinsatzleiter:\u00a0GF TSF-W\/S\u00a0Anzahl der Kr\u00e4fte: 10Fahrzeuge: MZF\u00a0,\u00a0TSA\u00a0,\u00a0TSF-W\/SWeitere Kr\u00e4fte: FFW Zerbst, FFW G\u00fctergl\u00fcck Bericht: In einem leerstehenden Geb\u00e4ude am Zebster Sch\u00fctzenplatz hat eine Matratze gebrannt. Unter Atemschutz hagen die Zerbster Kameraden diese gel\u00f6scht. Der Einstz konnte nach kurzer Zeit beendet werden.<\/p>\n","protected":false},"author":2,"featured_media":0,"comment_status":"closed","ping_status":"closed","sticky":false,"template":"","format":"standard","meta":{"footnotes":""},"categories":[44],"tags":[],"class_list":["post-1551","post","type-post","status-publish","format-standard","hentry","category-einsaetze-2022"],"_links":{"self":[{"href":"https:\/\/feuerwehr-juetrichau.de\/index.php?rest_route=\/wp\/v2\/posts\/1551","targetHints":{"allow":["GET"]}}],"collection":[{"href":"https:\/\/feuerwehr-juetrichau.de\/index.php?rest_route=\/wp\/v2\/posts"}],"about":[{"href":"https:\/\/feuerwehr-juetrichau.de\/index.php?rest_route=\/wp\/v2\/types\/post"}],"author":[{"embeddable":true,"href":"https:\/\/feuerwehr-juetrichau.de\/index.php?rest_route=\/wp\/v2\/users\/2"}],"replies":[{"embeddable":true,"href":"https:\/\/feuerwehr-juetrichau.de\/index.php?rest_route=%2Fwp%2Fv2%2Fcomments&post=1551"}],"version-history":[{"count":3,"href":"https:\/\/feuerwehr-juetrichau.de\/index.php?rest_route=\/wp\/v2\/posts\/1551\/revisions"}],"predecessor-version":[{"id":1554,"href":"https:\/\/feuerwehr-juetrichau.de\/index.php?rest_route=\/wp\/v2\/posts\/1551\/revisions\/1554"}],"wp:attachment":[{"href":"https:\/\/feuerwehr-juetrichau.de\/index.php?rest_route=%2Fwp%2Fv2%2Fmedia&parent=1551"}],"wp:term":[{"taxonomy":"category","embeddable":true,"href":"https:\/\/feuerwehr-juetrichau.de\/index.php?rest_route=%2Fwp%2Fv2%2Fcategories&post=1551"},{"taxonomy":"post_tag","embeddable":true,"href":"https:\/\/feuerwehr-juetrichau.de\/index.php?rest_route=%2Fwp%2Fv2%2Ftags&post=1551"}],"curies":[{"name":"wp","href":"https:\/\/api.w.org\/{rel}","templated":true}]}}