{"id":1559,"date":"2022-02-17T17:11:14","date_gmt":"2022-02-17T16:11:14","guid":{"rendered":"http:\/\/feuerwehr.feuerwehr-juetrichau.de\/?p=1559"},"modified":"2022-02-25T10:49:20","modified_gmt":"2022-02-25T09:49:20","slug":"12-2022-einsatz-sturm","status":"publish","type":"post","link":"https:\/\/feuerwehr-juetrichau.de\/?p=1559","title":{"rendered":"12\/2022 &#8211; Einsatz Sturm"},"content":{"rendered":"\n<hr class=\"wp-block-separator\"\/>\n\n\n\n<p><strong>Einsatz:<\/strong> 12\/2022<br><strong>Datum:<\/strong>&nbsp;17.02.2022<br><strong>Alarmzeit:<\/strong>&nbsp;15:17 Uhr&nbsp;<br><strong>Alarmierungsart:<\/strong>&nbsp;RME, Sirene, Smartphone&nbsp;<br><strong>Dauer:<\/strong>&nbsp;01:00 Stunden<br><strong>Einsatzort:<\/strong>&nbsp;<a href=\"https:\/\/w3w.co\/bemerkungen.ball.inka\" target=\"_blank\" rel=\"noreferrer noopener\">K1781<\/a> , <a href=\"https:\/\/w3w.co\/verleih.berichten.d\u00fcnger\" target=\"_blank\" rel=\"noreferrer noopener\">Wertlau Richtung Rietzmeck<\/a><br><strong>Einsatzleiter:<\/strong>&nbsp;GF TSF-W\/S&nbsp;<br><strong>Anzahl der Kr\u00e4fte: <\/strong>12<br><strong>Fahrzeuge:<\/strong><a href=\"https:\/\/feuerwehr-juetrichau.de\/?page_id=133\"> MZF<\/a>&nbsp;,&nbsp;<a href=\"https:\/\/feuerwehr-juetrichau.de\/?page_id=135\">TSA<\/a>&nbsp;,&nbsp;<a href=\"https:\/\/feuerwehr-juetrichau.de\/?page_id=131\">TSF-W\/S<\/a><br><strong>Weitere Kr\u00e4fte:<\/strong> <\/p>\n\n\n\n<hr class=\"wp-block-separator\"\/>\n\n\n\n<p><strong>Bericht:<\/strong> <\/p>\n\n\n\n<p>Das Sturmtief \u201cYlenia\u201d  verursacht eauch f\u00fcr unser Wehr zwei Einsatzstellen . Die erste Einsatzstelle war zwischen J\u00fctrichau und Pakendorf. Die Krone einer Kiefer war abgebrochen und versperrte die Stra\u00dfe. <\/p>\n\n\n\n<p>Auf dem Weg zwischen Wertlau und Ritzmeck waren mehrere B\u00e4ume umgest\u00fcrzt.<\/p>\n\n\n\n<hr class=\"wp-block-separator\"\/>\n\n\n\n<figure class=\"wp-block-image size-full\"><a href=\"https:\/\/feuerwehr-juetrichau.de\/wp-content\/uploads\/2022\/02\/wp-16451118060752157860253918455772.jpg\"><img loading=\"lazy\" decoding=\"async\" width=\"1600\" height=\"1200\" src=\"https:\/\/feuerwehr-juetrichau.de\/wp-content\/uploads\/2022\/02\/wp-16451118060752157860253918455772.jpg\" alt=\"\" class=\"wp-image-1560\" srcset=\"https:\/\/feuerwehr-juetrichau.de\/wp-content\/uploads\/2022\/02\/wp-16451118060752157860253918455772.jpg 1600w, https:\/\/feuerwehr-juetrichau.de\/wp-content\/uploads\/2022\/02\/wp-16451118060752157860253918455772-300x225.jpg 300w, https:\/\/feuerwehr-juetrichau.de\/wp-content\/uploads\/2022\/02\/wp-16451118060752157860253918455772-1024x768.jpg 1024w, https:\/\/feuerwehr-juetrichau.de\/wp-content\/uploads\/2022\/02\/wp-16451118060752157860253918455772-768x576.jpg 768w, https:\/\/feuerwehr-juetrichau.de\/wp-content\/uploads\/2022\/02\/wp-16451118060752157860253918455772-1536x1152.jpg 1536w, https:\/\/feuerwehr-juetrichau.de\/wp-content\/uploads\/2022\/02\/wp-16451118060752157860253918455772-960x720.jpg 960w\" sizes=\"auto, (max-width: 1600px) 100vw, 1600px\" \/><\/a><\/figure>\n","protected":false},"excerpt":{"rendered":"<p>Einsatz: 12\/2022Datum:&nbsp;17.02.2022Alarmzeit:&nbsp;15:17 Uhr&nbsp;Alarmierungsart:&nbsp;RME, Sirene, Smartphone&nbsp;Dauer:&nbsp;01:00 StundenEinsatzort:&nbsp;K1781 , Wertlau Richtung RietzmeckEinsatzleiter:&nbsp;GF TSF-W\/S&nbsp;Anzahl der Kr\u00e4fte: 12Fahrzeuge: MZF&nbsp;,&nbsp;TSA&nbsp;,&nbsp;TSF-W\/SWeitere Kr\u00e4fte: Bericht: Das Sturmtief \u201cYlenia\u201d verursacht eauch f\u00fcr unser Wehr zwei Einsatzstellen . Die erste Einsatzstelle war zwischen J\u00fctrichau und Pakendorf. Die Krone einer Kiefer war abgebrochen und versperrte die Stra\u00dfe. Auf dem Weg zwischen Wertlau und Ritzmeck waren mehrere <a class=\"read-more\" href=\"https:\/\/feuerwehr-juetrichau.de\/?p=1559\">... weiterlesen <span class=\"meta-nav\">&rarr;<\/span><\/a><\/p>\n","protected":false},"author":1,"featured_media":0,"comment_status":"closed","ping_status":"closed","sticky":false,"template":"","format":"standard","meta":{"footnotes":""},"categories":[44],"tags":[],"class_list":["post-1559","post","type-post","status-publish","format-standard","hentry","category-einsaetze-2022"],"_links":{"self":[{"href":"https:\/\/feuerwehr-juetrichau.de\/index.php?rest_route=\/wp\/v2\/posts\/1559","targetHints":{"allow":["GET"]}}],"collection":[{"href":"https:\/\/feuerwehr-juetrichau.de\/index.php?rest_route=\/wp\/v2\/posts"}],"about":[{"href":"https:\/\/feuerwehr-juetrichau.de\/index.php?rest_route=\/wp\/v2\/types\/post"}],"author":[{"embeddable":true,"href":"https:\/\/feuerwehr-juetrichau.de\/index.php?rest_route=\/wp\/v2\/users\/1"}],"replies":[{"embeddable":true,"href":"https:\/\/feuerwehr-juetrichau.de\/index.php?rest_route=%2Fwp%2Fv2%2Fcomments&post=1559"}],"version-history":[{"count":4,"href":"https:\/\/feuerwehr-juetrichau.de\/index.php?rest_route=\/wp\/v2\/posts\/1559\/revisions"}],"predecessor-version":[{"id":1569,"href":"https:\/\/feuerwehr-juetrichau.de\/index.php?rest_route=\/wp\/v2\/posts\/1559\/revisions\/1569"}],"wp:attachment":[{"href":"https:\/\/feuerwehr-juetrichau.de\/index.php?rest_route=%2Fwp%2Fv2%2Fmedia&parent=1559"}],"wp:term":[{"taxonomy":"category","embeddable":true,"href":"https:\/\/feuerwehr-juetrichau.de\/index.php?rest_route=%2Fwp%2Fv2%2Fcategories&post=1559"},{"taxonomy":"post_tag","embeddable":true,"href":"https:\/\/feuerwehr-juetrichau.de\/index.php?rest_route=%2Fwp%2Fv2%2Ftags&post=1559"}],"curies":[{"name":"wp","href":"https:\/\/api.w.org\/{rel}","templated":true}]}}