{"id":1567,"date":"2022-02-25T10:48:41","date_gmt":"2022-02-25T09:48:41","guid":{"rendered":"http:\/\/feuerwehr.feuerwehr-juetrichau.de\/?p=1567"},"modified":"2022-03-01T07:37:14","modified_gmt":"2022-03-01T06:37:14","slug":"13-2022-einsatz-sturm","status":"publish","type":"post","link":"https:\/\/feuerwehr-juetrichau.de\/?p=1567","title":{"rendered":"13\/2022 &#8211; Einsatz Sturm"},"content":{"rendered":"\n<hr class=\"wp-block-separator\"\/>\n\n\n\n<p><strong>Einsatz:<\/strong> 13\/2022<br><strong>Datum:<\/strong>&nbsp;19.02.2022<br><strong>Alarmzeit:<\/strong>&nbsp;12:28 Uhr&nbsp;<br><strong>Alarmierungsart:<\/strong>&nbsp;\u00fcber SWL<br><strong>Dauer:<\/strong>&nbsp;00:20 Stunden<br><strong>Einsatzort:<\/strong>&nbsp;<a rel=\"noreferrer noopener\" href=\"https:\/\/w3w.co\/ziegelrot.l\u00fcftung.f\u00e4hrt\" target=\"_blank\"><\/a><a rel=\"noreferrer noopener\" href=\"https:\/\/w3w.co\/verleih.berichten.d\u00fcnger\" target=\"_blank\">M\u00fclsdorfer Weg, J\u00fctrichau<\/a><br><strong>Einsatzleiter:<\/strong>&nbsp;GF TSF-W\/S&nbsp;<br><strong>Anzahl der Kr\u00e4fte: <\/strong>3<br><strong>Fahrzeuge:<\/strong> <a href=\"https:\/\/feuerwehr-juetrichau.de\/?page_id=131\">TSF-W\/S<\/a><br><strong>Weitere Kr\u00e4fte:<\/strong> <\/p>\n\n\n\n<hr class=\"wp-block-separator\"\/>\n\n\n\n<p><strong>Bericht:<\/strong> <\/p>\n\n\n\n<p>Das Orkantief \"Zeynep\" hatte auf dem M\u00fchlsdorfer Weg Richtung Luso einen Ast abgebochen. Dieser drohte auf die Fahrbahn zu st\u00fcrtzen. <\/p>\n\n\n\n<hr class=\"wp-block-separator\"\/>\n\n\n\n<figure class=\"wp-block-image size-full\"><a href=\"https:\/\/feuerwehr-juetrichau.de\/wp-content\/uploads\/2022\/02\/wp-16457777062263865197273304166355.jpg\"><img loading=\"lazy\" decoding=\"async\" width=\"2048\" height=\"1536\" src=\"https:\/\/feuerwehr-juetrichau.de\/wp-content\/uploads\/2022\/02\/wp-16457777062263865197273304166355.jpg\" alt=\"\" class=\"wp-image-1565\" srcset=\"https:\/\/feuerwehr-juetrichau.de\/wp-content\/uploads\/2022\/02\/wp-16457777062263865197273304166355.jpg 2048w, https:\/\/feuerwehr-juetrichau.de\/wp-content\/uploads\/2022\/02\/wp-16457777062263865197273304166355-300x225.jpg 300w, https:\/\/feuerwehr-juetrichau.de\/wp-content\/uploads\/2022\/02\/wp-16457777062263865197273304166355-1024x768.jpg 1024w, https:\/\/feuerwehr-juetrichau.de\/wp-content\/uploads\/2022\/02\/wp-16457777062263865197273304166355-768x576.jpg 768w, https:\/\/feuerwehr-juetrichau.de\/wp-content\/uploads\/2022\/02\/wp-16457777062263865197273304166355-1536x1152.jpg 1536w, https:\/\/feuerwehr-juetrichau.de\/wp-content\/uploads\/2022\/02\/wp-16457777062263865197273304166355-960x720.jpg 960w\" sizes=\"auto, (max-width: 2048px) 100vw, 2048px\" \/><\/a><\/figure>\n","protected":false},"excerpt":{"rendered":"<p>Einsatz: 13\/2022Datum:&nbsp;19.02.2022Alarmzeit:&nbsp;12:28 Uhr&nbsp;Alarmierungsart:&nbsp;\u00fcber SWLDauer:&nbsp;00:20 StundenEinsatzort:&nbsp;M\u00fclsdorfer Weg, J\u00fctrichauEinsatzleiter:&nbsp;GF TSF-W\/S&nbsp;Anzahl der Kr\u00e4fte: 3Fahrzeuge: TSF-W\/SWeitere Kr\u00e4fte: Bericht: Das Orkantief \"Zeynep\" hatte auf dem M\u00fchlsdorfer Weg Richtung Luso einen Ast abgebochen. Dieser drohte auf die Fahrbahn zu st\u00fcrtzen.<\/p>\n","protected":false},"author":1,"featured_media":0,"comment_status":"closed","ping_status":"closed","sticky":false,"template":"","format":"standard","meta":{"footnotes":""},"categories":[44],"tags":[],"class_list":["post-1567","post","type-post","status-publish","format-standard","hentry","category-einsaetze-2022"],"_links":{"self":[{"href":"https:\/\/feuerwehr-juetrichau.de\/index.php?rest_route=\/wp\/v2\/posts\/1567","targetHints":{"allow":["GET"]}}],"collection":[{"href":"https:\/\/feuerwehr-juetrichau.de\/index.php?rest_route=\/wp\/v2\/posts"}],"about":[{"href":"https:\/\/feuerwehr-juetrichau.de\/index.php?rest_route=\/wp\/v2\/types\/post"}],"author":[{"embeddable":true,"href":"https:\/\/feuerwehr-juetrichau.de\/index.php?rest_route=\/wp\/v2\/users\/1"}],"replies":[{"embeddable":true,"href":"https:\/\/feuerwehr-juetrichau.de\/index.php?rest_route=%2Fwp%2Fv2%2Fcomments&post=1567"}],"version-history":[{"count":3,"href":"https:\/\/feuerwehr-juetrichau.de\/index.php?rest_route=\/wp\/v2\/posts\/1567\/revisions"}],"predecessor-version":[{"id":1575,"href":"https:\/\/feuerwehr-juetrichau.de\/index.php?rest_route=\/wp\/v2\/posts\/1567\/revisions\/1575"}],"wp:attachment":[{"href":"https:\/\/feuerwehr-juetrichau.de\/index.php?rest_route=%2Fwp%2Fv2%2Fmedia&parent=1567"}],"wp:term":[{"taxonomy":"category","embeddable":true,"href":"https:\/\/feuerwehr-juetrichau.de\/index.php?rest_route=%2Fwp%2Fv2%2Fcategories&post=1567"},{"taxonomy":"post_tag","embeddable":true,"href":"https:\/\/feuerwehr-juetrichau.de\/index.php?rest_route=%2Fwp%2Fv2%2Ftags&post=1567"}],"curies":[{"name":"wp","href":"https:\/\/api.w.org\/{rel}","templated":true}]}}