{"id":1588,"date":"2022-03-02T14:04:09","date_gmt":"2022-03-02T13:04:09","guid":{"rendered":"http:\/\/feuerwehr.feuerwehr-juetrichau.de\/?p=1588"},"modified":"2022-04-13T08:23:47","modified_gmt":"2022-04-13T06:23:47","slug":"16-2022-einsatz-brand-gebaeude-1-2-og","status":"publish","type":"post","link":"https:\/\/feuerwehr-juetrichau.de\/?p=1588","title":{"rendered":"16\/2022 &#8211; Einsatz Brand Geb\u00e4ude 1.-2. OG"},"content":{"rendered":"\n<hr class=\"wp-block-separator\"\/>\n\n\n\n<p><strong>Einsatz:<\/strong> 16\/2022<br><strong>Datum:<\/strong>\u00a012.04.2022<br><strong>Alarmzeit:<\/strong>\u00a006:19 Uhr\u00a0<br><strong>Alarmierungsart:<\/strong>\u00a0RME, Sirene, Smartphone\u00a0<br><strong>Dauer:<\/strong>\u00a00:30 Stunden<br><strong>Einsatzort:<\/strong>\u00a0<a href=\"https:\/\/w3w.co\/anmelden.fuhr.anmutige\" target=\"_blank\" rel=\"noreferrer noopener\">Wegeberg Zerbst<\/a><br><strong>Einsatzleiter:<\/strong>\u00a0GF TSF-W\/S\u00a0<br><strong>Anzahl der Kr\u00e4fte: <\/strong>9<br><strong>Fahrzeuge:<\/strong><a href=\"https:\/\/feuerwehr-juetrichau.de\/?page_id=133\"> MZF<\/a>\u00a0,\u00a0<a href=\"https:\/\/feuerwehr-juetrichau.de\/?page_id=135\">TSA<\/a>\u00a0,\u00a0<a href=\"https:\/\/feuerwehr-juetrichau.de\/?page_id=131\">TSF-W\/S<\/a><br><strong>Weitere Kr\u00e4fte:<\/strong> FFW Zerbst, FFW G\u00fctergl\u00fcck<\/p>\n\n\n\n<hr class=\"wp-block-separator\"\/>\n\n\n\n<p><strong>Bericht:<\/strong> <\/p>\n\n\n\n<figure class=\"wp-block-image size-full\"><a href=\"https:\/\/feuerwehr-juetrichau.de\/wp-content\/uploads\/2022\/04\/grafik.png\"><img loading=\"lazy\" decoding=\"async\" width=\"1531\" height=\"447\" src=\"https:\/\/feuerwehr-juetrichau.de\/wp-content\/uploads\/2022\/04\/grafik.png\" alt=\"\" class=\"wp-image-1596\" srcset=\"https:\/\/feuerwehr-juetrichau.de\/wp-content\/uploads\/2022\/04\/grafik.png 1531w, https:\/\/feuerwehr-juetrichau.de\/wp-content\/uploads\/2022\/04\/grafik-300x88.png 300w, https:\/\/feuerwehr-juetrichau.de\/wp-content\/uploads\/2022\/04\/grafik-1024x299.png 1024w, https:\/\/feuerwehr-juetrichau.de\/wp-content\/uploads\/2022\/04\/grafik-768x224.png 768w, https:\/\/feuerwehr-juetrichau.de\/wp-content\/uploads\/2022\/04\/grafik-960x280.png 960w\" sizes=\"auto, (max-width: 1531px) 100vw, 1531px\" \/><\/a><\/figure>\n\n\n\n<hr class=\"wp-block-separator\"\/>\n\n\n\n<p><\/p>\n","protected":false},"excerpt":{"rendered":"<p>Einsatz: 16\/2022Datum:\u00a012.04.2022Alarmzeit:\u00a006:19 Uhr\u00a0Alarmierungsart:\u00a0RME, Sirene, Smartphone\u00a0Dauer:\u00a00:30 StundenEinsatzort:\u00a0Wegeberg ZerbstEinsatzleiter:\u00a0GF TSF-W\/S\u00a0Anzahl der Kr\u00e4fte: 9Fahrzeuge: MZF\u00a0,\u00a0TSA\u00a0,\u00a0TSF-W\/SWeitere Kr\u00e4fte: FFW Zerbst, FFW G\u00fctergl\u00fcck Bericht:<\/p>\n","protected":false},"author":1,"featured_media":0,"comment_status":"closed","ping_status":"closed","sticky":false,"template":"","format":"standard","meta":{"footnotes":""},"categories":[44],"tags":[],"class_list":["post-1588","post","type-post","status-publish","format-standard","hentry","category-einsaetze-2022"],"_links":{"self":[{"href":"https:\/\/feuerwehr-juetrichau.de\/index.php?rest_route=\/wp\/v2\/posts\/1588","targetHints":{"allow":["GET"]}}],"collection":[{"href":"https:\/\/feuerwehr-juetrichau.de\/index.php?rest_route=\/wp\/v2\/posts"}],"about":[{"href":"https:\/\/feuerwehr-juetrichau.de\/index.php?rest_route=\/wp\/v2\/types\/post"}],"author":[{"embeddable":true,"href":"https:\/\/feuerwehr-juetrichau.de\/index.php?rest_route=\/wp\/v2\/users\/1"}],"replies":[{"embeddable":true,"href":"https:\/\/feuerwehr-juetrichau.de\/index.php?rest_route=%2Fwp%2Fv2%2Fcomments&post=1588"}],"version-history":[{"count":2,"href":"https:\/\/feuerwehr-juetrichau.de\/index.php?rest_route=\/wp\/v2\/posts\/1588\/revisions"}],"predecessor-version":[{"id":1597,"href":"https:\/\/feuerwehr-juetrichau.de\/index.php?rest_route=\/wp\/v2\/posts\/1588\/revisions\/1597"}],"wp:attachment":[{"href":"https:\/\/feuerwehr-juetrichau.de\/index.php?rest_route=%2Fwp%2Fv2%2Fmedia&parent=1588"}],"wp:term":[{"taxonomy":"category","embeddable":true,"href":"https:\/\/feuerwehr-juetrichau.de\/index.php?rest_route=%2Fwp%2Fv2%2Fcategories&post=1588"},{"taxonomy":"post_tag","embeddable":true,"href":"https:\/\/feuerwehr-juetrichau.de\/index.php?rest_route=%2Fwp%2Fv2%2Ftags&post=1588"}],"curies":[{"name":"wp","href":"https:\/\/api.w.org\/{rel}","templated":true}]}}