{"id":531,"date":"2018-01-23T15:13:53","date_gmt":"2018-01-23T14:13:53","guid":{"rendered":"http:\/\/feuerwehr.feuerwehr-juetrichau.de\/?p=531"},"modified":"2018-01-23T15:13:53","modified_gmt":"2018-01-23T14:13:53","slug":"04-2018-beseitigung-von-sturmschaeden","status":"publish","type":"post","link":"https:\/\/feuerwehr-juetrichau.de\/?p=531","title":{"rendered":"04\/2018 &#8211; Beseitigung von Sturmsch\u00e4den"},"content":{"rendered":"<p><strong>18.01.2018 18:21 Uhr<\/strong><br \/>\n<strong>Sturmtief <\/strong><b>Friederike<\/b>- <strong>Beseitigung von Sturmsch\u00e4den<\/strong><\/p>\n<p>\u00dcber\u00a0die\u00a0Leitstelle wurde\u00a0die FFW J\u00fctrichau informiert, das auf der Stra\u00dfe zwischen J\u00fctrichau und Wertlau ein Baum umgest\u00fcrzt sei. Die Einsatzstelle wurde gesichert, der Baum zers\u00e4gt und die Stra\u00dfe ber\u00e4umt.<\/p>\n","protected":false},"excerpt":{"rendered":"<p>18.01.2018 18:21 Uhr Sturmtief Friederike- Beseitigung von Sturmsch\u00e4den \u00dcber\u00a0die\u00a0Leitstelle wurde\u00a0die FFW J\u00fctrichau informiert, das auf der Stra\u00dfe zwischen J\u00fctrichau und Wertlau ein Baum umgest\u00fcrzt sei. Die Einsatzstelle wurde gesichert, der Baum zers\u00e4gt und die Stra\u00dfe ber\u00e4umt.<\/p>\n","protected":false},"author":1,"featured_media":0,"comment_status":"closed","ping_status":"closed","sticky":false,"template":"","format":"standard","meta":{"footnotes":""},"categories":[9],"tags":[],"class_list":["post-531","post","type-post","status-publish","format-standard","hentry","category-einsaetze-2018"],"_links":{"self":[{"href":"https:\/\/feuerwehr-juetrichau.de\/index.php?rest_route=\/wp\/v2\/posts\/531","targetHints":{"allow":["GET"]}}],"collection":[{"href":"https:\/\/feuerwehr-juetrichau.de\/index.php?rest_route=\/wp\/v2\/posts"}],"about":[{"href":"https:\/\/feuerwehr-juetrichau.de\/index.php?rest_route=\/wp\/v2\/types\/post"}],"author":[{"embeddable":true,"href":"https:\/\/feuerwehr-juetrichau.de\/index.php?rest_route=\/wp\/v2\/users\/1"}],"replies":[{"embeddable":true,"href":"https:\/\/feuerwehr-juetrichau.de\/index.php?rest_route=%2Fwp%2Fv2%2Fcomments&post=531"}],"version-history":[{"count":1,"href":"https:\/\/feuerwehr-juetrichau.de\/index.php?rest_route=\/wp\/v2\/posts\/531\/revisions"}],"predecessor-version":[{"id":532,"href":"https:\/\/feuerwehr-juetrichau.de\/index.php?rest_route=\/wp\/v2\/posts\/531\/revisions\/532"}],"wp:attachment":[{"href":"https:\/\/feuerwehr-juetrichau.de\/index.php?rest_route=%2Fwp%2Fv2%2Fmedia&parent=531"}],"wp:term":[{"taxonomy":"category","embeddable":true,"href":"https:\/\/feuerwehr-juetrichau.de\/index.php?rest_route=%2Fwp%2Fv2%2Fcategories&post=531"},{"taxonomy":"post_tag","embeddable":true,"href":"https:\/\/feuerwehr-juetrichau.de\/index.php?rest_route=%2Fwp%2Fv2%2Ftags&post=531"}],"curies":[{"name":"wp","href":"https:\/\/api.w.org\/{rel}","templated":true}]}}