{"id":749,"date":"2019-03-10T23:38:22","date_gmt":"2019-03-10T22:38:22","guid":{"rendered":"http:\/\/feuerwehr.feuerwehr-juetrichau.de\/?p=749"},"modified":"2019-03-13T14:49:26","modified_gmt":"2019-03-13T13:49:26","slug":"03-2019-einsatz-sturm","status":"publish","type":"post","link":"https:\/\/feuerwehr-juetrichau.de\/?p=749","title":{"rendered":"03\/2019 &#8211; Einsatz Sturm"},"content":{"rendered":"<p><strong>14.01.2019 06:34 Uhr<\/strong><br \/>Beseitigung Strurmst\u00e4den<\/p>\n<p>Auf der Kreisstra\u00dfe 1256 zwischen J\u00fctrichau und Wertlau war in der Nacht eine Kiefer umgest\u00fcrzt. Der Baum wurde mittels Kettens\u00e4ge zerkleinert und die Stra\u00dfe ber\u00e4umt.<\/p>\n\n\n<p><\/p>\n","protected":false},"excerpt":{"rendered":"<p>14.01.2019 06:34 UhrBeseitigung Strurmst\u00e4den Auf der Kreisstra\u00dfe 1256 zwischen J\u00fctrichau und Wertlau war in der Nacht eine Kiefer umgest\u00fcrzt. Der Baum wurde mittels Kettens\u00e4ge zerkleinert und die Stra\u00dfe ber\u00e4umt.<\/p>\n","protected":false},"author":2,"featured_media":0,"comment_status":"closed","ping_status":"closed","sticky":false,"template":"","format":"standard","meta":{"footnotes":""},"categories":[1],"tags":[],"class_list":["post-749","post","type-post","status-publish","format-standard","hentry","category-einsaetze-2019"],"_links":{"self":[{"href":"https:\/\/feuerwehr-juetrichau.de\/index.php?rest_route=\/wp\/v2\/posts\/749","targetHints":{"allow":["GET"]}}],"collection":[{"href":"https:\/\/feuerwehr-juetrichau.de\/index.php?rest_route=\/wp\/v2\/posts"}],"about":[{"href":"https:\/\/feuerwehr-juetrichau.de\/index.php?rest_route=\/wp\/v2\/types\/post"}],"author":[{"embeddable":true,"href":"https:\/\/feuerwehr-juetrichau.de\/index.php?rest_route=\/wp\/v2\/users\/2"}],"replies":[{"embeddable":true,"href":"https:\/\/feuerwehr-juetrichau.de\/index.php?rest_route=%2Fwp%2Fv2%2Fcomments&post=749"}],"version-history":[{"count":3,"href":"https:\/\/feuerwehr-juetrichau.de\/index.php?rest_route=\/wp\/v2\/posts\/749\/revisions"}],"predecessor-version":[{"id":752,"href":"https:\/\/feuerwehr-juetrichau.de\/index.php?rest_route=\/wp\/v2\/posts\/749\/revisions\/752"}],"wp:attachment":[{"href":"https:\/\/feuerwehr-juetrichau.de\/index.php?rest_route=%2Fwp%2Fv2%2Fmedia&parent=749"}],"wp:term":[{"taxonomy":"category","embeddable":true,"href":"https:\/\/feuerwehr-juetrichau.de\/index.php?rest_route=%2Fwp%2Fv2%2Fcategories&post=749"},{"taxonomy":"post_tag","embeddable":true,"href":"https:\/\/feuerwehr-juetrichau.de\/index.php?rest_route=%2Fwp%2Fv2%2Ftags&post=749"}],"curies":[{"name":"wp","href":"https:\/\/api.w.org\/{rel}","templated":true}]}}