{"id":758,"date":"2019-03-12T23:51:55","date_gmt":"2019-03-12T22:51:55","guid":{"rendered":"http:\/\/feuerwehr.feuerwehr-juetrichau.de\/?p=758"},"modified":"2019-03-13T15:08:52","modified_gmt":"2019-03-13T14:08:52","slug":"06-2019-bma-wema-zerbst","status":"publish","type":"post","link":"https:\/\/feuerwehr-juetrichau.de\/?p=758","title":{"rendered":"06\/2019 &#8211; BMA WEMA Zerbst"},"content":{"rendered":"<p style=\"text-align: left;\"><strong>26.02.2019 06:10 Uhr<\/strong><br \/>Brandeinsatz - Brandmeldeanlage<\/p>\n<p style=\"text-align: left;\">Bei der EMAG ZERBST\u00a0Maschinenfabrik GmbHin Zerbst wurde die Brandmeldeanlage ausgel\u00f6st. Eine Maschine war in Brand geraten.<\/p>\n<p style=\"text-align: left;\">Die FFW J\u00fctrichau stellte die L\u00f6schwasserversorgung sicher.<\/p>\n\n\n<div class=\"wp-block-image\"><figure class=\"aligncenter is-resized\"><img loading=\"lazy\" decoding=\"async\" src=\"https:\/\/feuerwehr-juetrichau.de\/wp-content\/uploads\/2019\/03\/53113335_2284406438257697_6352330362487570432_759687692424500825-768x1024.jpg\" alt=\"\" class=\"wp-image-735\" width=\"270\" height=\"360\" srcset=\"https:\/\/feuerwehr-juetrichau.de\/wp-content\/uploads\/2019\/03\/53113335_2284406438257697_6352330362487570432_759687692424500825-768x1024.jpg 768w, https:\/\/feuerwehr-juetrichau.de\/wp-content\/uploads\/2019\/03\/53113335_2284406438257697_6352330362487570432_759687692424500825-225x300.jpg 225w, https:\/\/feuerwehr-juetrichau.de\/wp-content\/uploads\/2019\/03\/53113335_2284406438257697_6352330362487570432_759687692424500825-960x1280.jpg 960w, https:\/\/feuerwehr-juetrichau.de\/wp-content\/uploads\/2019\/03\/53113335_2284406438257697_6352330362487570432_759687692424500825.jpg 1200w\" sizes=\"auto, (max-width: 270px) 100vw, 270px\" \/><figcaption>Foto: Zerbster Feuerwehr<\/figcaption><\/figure><\/div>\n","protected":false},"excerpt":{"rendered":"<p>26.02.2019 06:10 UhrBrandeinsatz - Brandmeldeanlage Bei der EMAG ZERBST\u00a0Maschinenfabrik GmbHin Zerbst wurde die Brandmeldeanlage ausgel\u00f6st. Eine Maschine war in Brand geraten. Die FFW J\u00fctrichau stellte die L\u00f6schwasserversorgung sicher.<\/p>\n","protected":false},"author":2,"featured_media":0,"comment_status":"closed","ping_status":"closed","sticky":false,"template":"","format":"standard","meta":{"footnotes":""},"categories":[1],"tags":[],"class_list":["post-758","post","type-post","status-publish","format-standard","hentry","category-einsaetze-2019"],"_links":{"self":[{"href":"https:\/\/feuerwehr-juetrichau.de\/index.php?rest_route=\/wp\/v2\/posts\/758","targetHints":{"allow":["GET"]}}],"collection":[{"href":"https:\/\/feuerwehr-juetrichau.de\/index.php?rest_route=\/wp\/v2\/posts"}],"about":[{"href":"https:\/\/feuerwehr-juetrichau.de\/index.php?rest_route=\/wp\/v2\/types\/post"}],"author":[{"embeddable":true,"href":"https:\/\/feuerwehr-juetrichau.de\/index.php?rest_route=\/wp\/v2\/users\/2"}],"replies":[{"embeddable":true,"href":"https:\/\/feuerwehr-juetrichau.de\/index.php?rest_route=%2Fwp%2Fv2%2Fcomments&post=758"}],"version-history":[{"count":3,"href":"https:\/\/feuerwehr-juetrichau.de\/index.php?rest_route=\/wp\/v2\/posts\/758\/revisions"}],"predecessor-version":[{"id":766,"href":"https:\/\/feuerwehr-juetrichau.de\/index.php?rest_route=\/wp\/v2\/posts\/758\/revisions\/766"}],"wp:attachment":[{"href":"https:\/\/feuerwehr-juetrichau.de\/index.php?rest_route=%2Fwp%2Fv2%2Fmedia&parent=758"}],"wp:term":[{"taxonomy":"category","embeddable":true,"href":"https:\/\/feuerwehr-juetrichau.de\/index.php?rest_route=%2Fwp%2Fv2%2Fcategories&post=758"},{"taxonomy":"post_tag","embeddable":true,"href":"https:\/\/feuerwehr-juetrichau.de\/index.php?rest_route=%2Fwp%2Fv2%2Ftags&post=758"}],"curies":[{"name":"wp","href":"https:\/\/api.w.org\/{rel}","templated":true}]}}