{"id":761,"date":"2019-03-12T23:58:30","date_gmt":"2019-03-12T22:58:30","guid":{"rendered":"http:\/\/feuerwehr.feuerwehr-juetrichau.de\/?p=761"},"modified":"2019-03-13T15:09:12","modified_gmt":"2019-03-13T14:09:12","slug":"07-2019-einsatz-kleinbrand","status":"publish","type":"post","link":"https:\/\/feuerwehr-juetrichau.de\/?p=761","title":{"rendered":"07\/2019 &#8211; Einsatz Kleinbrand"},"content":{"rendered":"<p><strong>03.03.2019 16:00 Uhr<\/strong><br \/>Brandeinsatz - Kleinbrand<\/p>\n<p>Auf einer Brachfl\u00e4che zwischen J\u00fctrichau und Pakendorf brannte ein Baum. Mittels Hochdruckeinheit wurde dieser abgel\u00f6scht.<\/p>\n\n\n<figure class=\"wp-block-image\"><img loading=\"lazy\" decoding=\"async\" width=\"1024\" height=\"768\" src=\"https:\/\/feuerwehr-juetrichau.de\/wp-content\/uploads\/2019\/03\/img-20190303-wa00077845864079250462489-1024x768.jpg\" alt=\"\" class=\"wp-image-733\" srcset=\"https:\/\/feuerwehr-juetrichau.de\/wp-content\/uploads\/2019\/03\/img-20190303-wa00077845864079250462489-1024x768.jpg 1024w, https:\/\/feuerwehr-juetrichau.de\/wp-content\/uploads\/2019\/03\/img-20190303-wa00077845864079250462489-300x225.jpg 300w, https:\/\/feuerwehr-juetrichau.de\/wp-content\/uploads\/2019\/03\/img-20190303-wa00077845864079250462489-768x576.jpg 768w, https:\/\/feuerwehr-juetrichau.de\/wp-content\/uploads\/2019\/03\/img-20190303-wa00077845864079250462489-960x720.jpg 960w, https:\/\/feuerwehr-juetrichau.de\/wp-content\/uploads\/2019\/03\/img-20190303-wa00077845864079250462489.jpg 1600w\" sizes=\"auto, (max-width: 1024px) 100vw, 1024px\" \/><\/figure>\n","protected":false},"excerpt":{"rendered":"<p>03.03.2019 16:00 UhrBrandeinsatz - Kleinbrand Auf einer Brachfl\u00e4che zwischen J\u00fctrichau und Pakendorf brannte ein Baum. Mittels Hochdruckeinheit wurde dieser abgel\u00f6scht.<\/p>\n","protected":false},"author":2,"featured_media":0,"comment_status":"closed","ping_status":"closed","sticky":false,"template":"","format":"standard","meta":{"footnotes":""},"categories":[1],"tags":[],"class_list":["post-761","post","type-post","status-publish","format-standard","hentry","category-einsaetze-2019"],"_links":{"self":[{"href":"https:\/\/feuerwehr-juetrichau.de\/index.php?rest_route=\/wp\/v2\/posts\/761","targetHints":{"allow":["GET"]}}],"collection":[{"href":"https:\/\/feuerwehr-juetrichau.de\/index.php?rest_route=\/wp\/v2\/posts"}],"about":[{"href":"https:\/\/feuerwehr-juetrichau.de\/index.php?rest_route=\/wp\/v2\/types\/post"}],"author":[{"embeddable":true,"href":"https:\/\/feuerwehr-juetrichau.de\/index.php?rest_route=\/wp\/v2\/users\/2"}],"replies":[{"embeddable":true,"href":"https:\/\/feuerwehr-juetrichau.de\/index.php?rest_route=%2Fwp%2Fv2%2Fcomments&post=761"}],"version-history":[{"count":2,"href":"https:\/\/feuerwehr-juetrichau.de\/index.php?rest_route=\/wp\/v2\/posts\/761\/revisions"}],"predecessor-version":[{"id":767,"href":"https:\/\/feuerwehr-juetrichau.de\/index.php?rest_route=\/wp\/v2\/posts\/761\/revisions\/767"}],"wp:attachment":[{"href":"https:\/\/feuerwehr-juetrichau.de\/index.php?rest_route=%2Fwp%2Fv2%2Fmedia&parent=761"}],"wp:term":[{"taxonomy":"category","embeddable":true,"href":"https:\/\/feuerwehr-juetrichau.de\/index.php?rest_route=%2Fwp%2Fv2%2Fcategories&post=761"},{"taxonomy":"post_tag","embeddable":true,"href":"https:\/\/feuerwehr-juetrichau.de\/index.php?rest_route=%2Fwp%2Fv2%2Ftags&post=761"}],"curies":[{"name":"wp","href":"https:\/\/api.w.org\/{rel}","templated":true}]}}