{"id":775,"date":"2019-03-15T08:11:08","date_gmt":"2019-03-15T07:11:08","guid":{"rendered":"http:\/\/feuerwehr.feuerwehr-juetrichau.de\/?p=775"},"modified":"2019-03-18T15:32:35","modified_gmt":"2019-03-18T14:32:35","slug":"09-2019-brandeinsatz","status":"publish","type":"post","link":"https:\/\/feuerwehr-juetrichau.de\/?p=775","title":{"rendered":"09\/2019 &#8211; Brandeinsatz"},"content":{"rendered":"<p><strong>15.03.2019 03:38 Uhr<\/strong><br \/>Brandeinsatz<\/p>\n<p>In der Ortslage J\u00fctrichau Richtung Pakendorf brannten am fr\u00fchen Morgen zwei Ger\u00e4teschuppen. Unterst\u00fctz wurden wird von der Ortswehr Zerbst und Steutz. Insgesamt waren 32 Kameraden im Einsatz.<\/p>\n\n\n<figure class=\"wp-block-image is-resized\"><a href=\"https:\/\/feuerwehr-juetrichau.de\/wp-content\/uploads\/2019\/03\/Brand-juetrichau.jpg\" target=\"_blank\" rel=\"noreferrer noopener\"><img loading=\"lazy\" decoding=\"async\" src=\"https:\/\/feuerwehr-juetrichau.de\/wp-content\/uploads\/2019\/03\/Brand-juetrichau-1024x343.jpg\" alt=\"\" class=\"wp-image-781\" width=\"607\" height=\"203\" srcset=\"https:\/\/feuerwehr-juetrichau.de\/wp-content\/uploads\/2019\/03\/Brand-juetrichau-1024x343.jpg 1024w, https:\/\/feuerwehr-juetrichau.de\/wp-content\/uploads\/2019\/03\/Brand-juetrichau-300x101.jpg 300w, https:\/\/feuerwehr-juetrichau.de\/wp-content\/uploads\/2019\/03\/Brand-juetrichau-768x258.jpg 768w, https:\/\/feuerwehr-juetrichau.de\/wp-content\/uploads\/2019\/03\/Brand-juetrichau-960x322.jpg 960w, https:\/\/feuerwehr-juetrichau.de\/wp-content\/uploads\/2019\/03\/Brand-juetrichau.jpg 1512w\" sizes=\"auto, (max-width: 607px) 100vw, 607px\" \/><\/a><\/figure>\n\n\n\n<p style=\"text-align:center\"><img decoding=\"async\" height=\"383\" class=\"wp-image-788\" style=\"width: 215px;\" alt=\"\" src=\"https:\/\/feuerwehr-juetrichau.de\/wp-content\/uploads\/2019\/03\/55512143_2310688482296159_7690081433875906560_-15281162693069823087.jpg\" srcset=\"https:\/\/feuerwehr-juetrichau.de\/wp-content\/uploads\/2019\/03\/55512143_2310688482296159_7690081433875906560_-15281162693069823087.jpg 900w, https:\/\/feuerwehr-juetrichau.de\/wp-content\/uploads\/2019\/03\/55512143_2310688482296159_7690081433875906560_-15281162693069823087-169x300.jpg 169w, https:\/\/feuerwehr-juetrichau.de\/wp-content\/uploads\/2019\/03\/55512143_2310688482296159_7690081433875906560_-15281162693069823087-768x1365.jpg 768w, https:\/\/feuerwehr-juetrichau.de\/wp-content\/uploads\/2019\/03\/55512143_2310688482296159_7690081433875906560_-15281162693069823087-576x1024.jpg 576w\" sizes=\"(max-width: 900px) 100vw, 900px\" \/> &nbsp;&nbsp;&nbsp; <img decoding=\"async\" height=\"381\" class=\"wp-image-787\" style=\"width: 214px;\" alt=\"\" src=\"https:\/\/feuerwehr-juetrichau.de\/wp-content\/uploads\/2019\/03\/54432525_2310688192296188_5995543202961031168_343383848305883212.jpg\" srcset=\"https:\/\/feuerwehr-juetrichau.de\/wp-content\/uploads\/2019\/03\/54432525_2310688192296188_5995543202961031168_343383848305883212.jpg 900w, https:\/\/feuerwehr-juetrichau.de\/wp-content\/uploads\/2019\/03\/54432525_2310688192296188_5995543202961031168_343383848305883212-169x300.jpg 169w, https:\/\/feuerwehr-juetrichau.de\/wp-content\/uploads\/2019\/03\/54432525_2310688192296188_5995543202961031168_343383848305883212-768x1365.jpg 768w, https:\/\/feuerwehr-juetrichau.de\/wp-content\/uploads\/2019\/03\/54432525_2310688192296188_5995543202961031168_343383848305883212-576x1024.jpg 576w\" sizes=\"(max-width: 900px) 100vw, 900px\" \/><\/p>\n\n\n\n<p style=\"text-align:center\">Fotos: Zerbster Feuerwehr<\/p>\n","protected":false},"excerpt":{"rendered":"<p>15.03.2019 03:38 UhrBrandeinsatz In der Ortslage J\u00fctrichau Richtung Pakendorf brannten am fr\u00fchen Morgen zwei Ger\u00e4teschuppen. Unterst\u00fctz wurden wird von der Ortswehr Zerbst und Steutz. Insgesamt waren 32 Kameraden im Einsatz. &nbsp;&nbsp;&nbsp; Fotos: Zerbster Feuerwehr<\/p>\n","protected":false},"author":1,"featured_media":0,"comment_status":"closed","ping_status":"closed","sticky":false,"template":"","format":"standard","meta":{"footnotes":""},"categories":[1],"tags":[],"class_list":["post-775","post","type-post","status-publish","format-standard","hentry","category-einsaetze-2019"],"_links":{"self":[{"href":"https:\/\/feuerwehr-juetrichau.de\/index.php?rest_route=\/wp\/v2\/posts\/775","targetHints":{"allow":["GET"]}}],"collection":[{"href":"https:\/\/feuerwehr-juetrichau.de\/index.php?rest_route=\/wp\/v2\/posts"}],"about":[{"href":"https:\/\/feuerwehr-juetrichau.de\/index.php?rest_route=\/wp\/v2\/types\/post"}],"author":[{"embeddable":true,"href":"https:\/\/feuerwehr-juetrichau.de\/index.php?rest_route=\/wp\/v2\/users\/1"}],"replies":[{"embeddable":true,"href":"https:\/\/feuerwehr-juetrichau.de\/index.php?rest_route=%2Fwp%2Fv2%2Fcomments&post=775"}],"version-history":[{"count":8,"href":"https:\/\/feuerwehr-juetrichau.de\/index.php?rest_route=\/wp\/v2\/posts\/775\/revisions"}],"predecessor-version":[{"id":798,"href":"https:\/\/feuerwehr-juetrichau.de\/index.php?rest_route=\/wp\/v2\/posts\/775\/revisions\/798"}],"wp:attachment":[{"href":"https:\/\/feuerwehr-juetrichau.de\/index.php?rest_route=%2Fwp%2Fv2%2Fmedia&parent=775"}],"wp:term":[{"taxonomy":"category","embeddable":true,"href":"https:\/\/feuerwehr-juetrichau.de\/index.php?rest_route=%2Fwp%2Fv2%2Fcategories&post=775"},{"taxonomy":"post_tag","embeddable":true,"href":"https:\/\/feuerwehr-juetrichau.de\/index.php?rest_route=%2Fwp%2Fv2%2Ftags&post=775"}],"curies":[{"name":"wp","href":"https:\/\/api.w.org\/{rel}","templated":true}]}}