{"id":821,"date":"2019-05-17T11:55:47","date_gmt":"2019-05-17T09:55:47","guid":{"rendered":"http:\/\/feuerwehr.feuerwehr-juetrichau.de\/?p=821"},"modified":"2019-07-29T15:12:13","modified_gmt":"2019-07-29T13:12:13","slug":"15-2019-person-in-not","status":"publish","type":"post","link":"https:\/\/feuerwehr-juetrichau.de\/?p=821","title":{"rendered":"15\/2019 &#8211; Person in Not"},"content":{"rendered":"\n<p><strong>Person in Not<br>11.05.2019\u00a0\u00a0 14:26 Uhr<\/strong><\/p>\n\n\n\n<p>Die Kameraden wurde zu einer T\u00fcr\u00f6ffnung in J\u00fctrichau gerufen. Noch vor dem Ausr\u00fccken wurde der Einsatz von der Leitstelle abgerochen.<\/p>\n","protected":false},"excerpt":{"rendered":"<p>Person in Not11.05.2019\u00a0\u00a0 14:26 Uhr Die Kameraden wurde zu einer T\u00fcr\u00f6ffnung in J\u00fctrichau gerufen. Noch vor dem Ausr\u00fccken wurde der Einsatz von der Leitstelle abgerochen.<\/p>\n","protected":false},"author":1,"featured_media":0,"comment_status":"closed","ping_status":"closed","sticky":false,"template":"","format":"standard","meta":{"footnotes":""},"categories":[1],"tags":[],"class_list":["post-821","post","type-post","status-publish","format-standard","hentry","category-einsaetze-2019"],"_links":{"self":[{"href":"https:\/\/feuerwehr-juetrichau.de\/index.php?rest_route=\/wp\/v2\/posts\/821","targetHints":{"allow":["GET"]}}],"collection":[{"href":"https:\/\/feuerwehr-juetrichau.de\/index.php?rest_route=\/wp\/v2\/posts"}],"about":[{"href":"https:\/\/feuerwehr-juetrichau.de\/index.php?rest_route=\/wp\/v2\/types\/post"}],"author":[{"embeddable":true,"href":"https:\/\/feuerwehr-juetrichau.de\/index.php?rest_route=\/wp\/v2\/users\/1"}],"replies":[{"embeddable":true,"href":"https:\/\/feuerwehr-juetrichau.de\/index.php?rest_route=%2Fwp%2Fv2%2Fcomments&post=821"}],"version-history":[{"count":2,"href":"https:\/\/feuerwehr-juetrichau.de\/index.php?rest_route=\/wp\/v2\/posts\/821\/revisions"}],"predecessor-version":[{"id":861,"href":"https:\/\/feuerwehr-juetrichau.de\/index.php?rest_route=\/wp\/v2\/posts\/821\/revisions\/861"}],"wp:attachment":[{"href":"https:\/\/feuerwehr-juetrichau.de\/index.php?rest_route=%2Fwp%2Fv2%2Fmedia&parent=821"}],"wp:term":[{"taxonomy":"category","embeddable":true,"href":"https:\/\/feuerwehr-juetrichau.de\/index.php?rest_route=%2Fwp%2Fv2%2Fcategories&post=821"},{"taxonomy":"post_tag","embeddable":true,"href":"https:\/\/feuerwehr-juetrichau.de\/index.php?rest_route=%2Fwp%2Fv2%2Ftags&post=821"}],"curies":[{"name":"wp","href":"https:\/\/api.w.org\/{rel}","templated":true}]}}