{"id":854,"date":"2019-05-17T11:39:41","date_gmt":"2019-05-17T09:39:41","guid":{"rendered":"http:\/\/feuerwehr.feuerwehr-juetrichau.de\/?p=854"},"modified":"2019-07-29T15:10:51","modified_gmt":"2019-07-29T13:10:51","slug":"11-2019-einsatz-kleinbrand","status":"publish","type":"post","link":"https:\/\/feuerwehr-juetrichau.de\/?p=854","title":{"rendered":"11\/2019 &#8211; Einsatz Kleinbrand"},"content":{"rendered":"\n<p><strong>11\/2019 - <\/strong>Kleinbrand G\u00fctergl\u00fccker Stra\u00dfe<br>18.04.2019 10:36<\/p>\n\n\n\n<p>In der K\u00fcche eines Einfamilienhauses war eine Mikrowelle aus ungekl\u00e4rter Ursache\u00a0in Brand geraten. Wir\u00a0waren zur Unterst\u00fctzung der\u00a0Zerbster Kameraden vor Ort.<\/p>\n","protected":false},"excerpt":{"rendered":"<p>11\/2019 - Kleinbrand G\u00fctergl\u00fccker Stra\u00dfe18.04.2019 10:36 In der K\u00fcche eines Einfamilienhauses war eine Mikrowelle aus ungekl\u00e4rter Ursache\u00a0in Brand geraten. Wir\u00a0waren zur Unterst\u00fctzung der\u00a0Zerbster Kameraden vor Ort.<\/p>\n","protected":false},"author":1,"featured_media":0,"comment_status":"closed","ping_status":"closed","sticky":false,"template":"","format":"standard","meta":{"footnotes":""},"categories":[1],"tags":[],"class_list":["post-854","post","type-post","status-publish","format-standard","hentry","category-einsaetze-2019"],"_links":{"self":[{"href":"https:\/\/feuerwehr-juetrichau.de\/index.php?rest_route=\/wp\/v2\/posts\/854","targetHints":{"allow":["GET"]}}],"collection":[{"href":"https:\/\/feuerwehr-juetrichau.de\/index.php?rest_route=\/wp\/v2\/posts"}],"about":[{"href":"https:\/\/feuerwehr-juetrichau.de\/index.php?rest_route=\/wp\/v2\/types\/post"}],"author":[{"embeddable":true,"href":"https:\/\/feuerwehr-juetrichau.de\/index.php?rest_route=\/wp\/v2\/users\/1"}],"replies":[{"embeddable":true,"href":"https:\/\/feuerwehr-juetrichau.de\/index.php?rest_route=%2Fwp%2Fv2%2Fcomments&post=854"}],"version-history":[{"count":2,"href":"https:\/\/feuerwehr-juetrichau.de\/index.php?rest_route=\/wp\/v2\/posts\/854\/revisions"}],"predecessor-version":[{"id":858,"href":"https:\/\/feuerwehr-juetrichau.de\/index.php?rest_route=\/wp\/v2\/posts\/854\/revisions\/858"}],"wp:attachment":[{"href":"https:\/\/feuerwehr-juetrichau.de\/index.php?rest_route=%2Fwp%2Fv2%2Fmedia&parent=854"}],"wp:term":[{"taxonomy":"category","embeddable":true,"href":"https:\/\/feuerwehr-juetrichau.de\/index.php?rest_route=%2Fwp%2Fv2%2Fcategories&post=854"},{"taxonomy":"post_tag","embeddable":true,"href":"https:\/\/feuerwehr-juetrichau.de\/index.php?rest_route=%2Fwp%2Fv2%2Ftags&post=854"}],"curies":[{"name":"wp","href":"https:\/\/api.w.org\/{rel}","templated":true}]}}